{"id":26600,"date":"2023-07-29T12:03:09","date_gmt":"2023-07-29T18:03:09","guid":{"rendered":"https:\/\/www.visit-mexico.mx\/?p=26600"},"modified":"2023-07-29T12:07:33","modified_gmt":"2023-07-29T18:07:33","slug":"everything-ready-for-the-camino-de-la-asuncion","status":"publish","type":"post","link":"https:\/\/www.visit-mexico.mx\/es\/news\/july-2023\/everything-ready-for-the-camino-de-la-asuncion\/","title":{"rendered":"Todo listo para el Camino de la Asunci\u00f3n"},"content":{"rendered":"<div data-elementor-type=\"wp-post\" data-elementor-id=\"26600\" class=\"elementor elementor-26600\" data-elementor-post-type=\"post\">\n\t\t\t\t\t\t<section class=\"elementor-section elementor-top-section elementor-element elementor-element-1b0cb4fd elementor-section-boxed elementor-section-height-default elementor-section-height-default\" data-id=\"1b0cb4fd\" data-element_type=\"section\" data-e-type=\"section\">\n\t\t\t\t\t\t<div class=\"elementor-container elementor-column-gap-default\">\n\t\t\t\t\t<div class=\"elementor-column elementor-col-100 elementor-top-column elementor-element elementor-element-4473b279\" data-id=\"4473b279\" data-element_type=\"column\" data-e-type=\"column\">\n\t\t\t<div class=\"elementor-widget-wrap elementor-element-populated\">\n\t\t\t\t\t\t<div class=\"elementor-element elementor-element-5b6aea89 elementor-widget elementor-widget-heading\" data-id=\"5b6aea89\" data-element_type=\"widget\" data-e-type=\"widget\" data-widget_type=\"heading.default\">\n\t\t\t\t<div class=\"elementor-widget-container\">\n\t\t\t\t\t<h1 class=\"elementor-heading-title elementor-size-default\">Todo listo para el Camino de la Asunci\u00f3n<\/h1>\t\t\t\t<\/div>\n\t\t\t\t<\/div>\n\t\t\t\t<div class=\"elementor-element elementor-element-2776f38c elementor-widget elementor-widget-post-info\" data-id=\"2776f38c\" data-element_type=\"widget\" data-e-type=\"widget\" data-widget_type=\"post-info.default\">\n\t\t\t\t<div class=\"elementor-widget-container\">\n\t\t\t\t\t\t\t<ul class=\"elementor-inline-items elementor-icon-list-items elementor-post-info\">\n\t\t\t\t\t\t\t\t<li class=\"elementor-icon-list-item elementor-repeater-item-10d9365 elementor-inline-item\" itemprop=\"datePublished\">\n\t\t\t\t\t\t\t\t\t\t\t\t\t<span class=\"elementor-icon-list-text elementor-post-info__item elementor-post-info__item--type-date\">\n\t\t\t\t\t\t\t\t\t\t<time>julio 29, 2023<\/time>\t\t\t\t\t<\/span>\n\t\t\t\t\t\t\t\t<\/li>\n\t\t\t\t<\/ul>\n\t\t\t\t\t\t<\/div>\n\t\t\t\t<\/div>\n\t\t\t\t<div class=\"elementor-element elementor-element-2d851eb0 elementor-widget elementor-widget-image\" data-id=\"2d851eb0\" data-element_type=\"widget\" data-e-type=\"widget\" data-widget_type=\"image.default\">\n\t\t\t\t<div class=\"elementor-widget-container\">\n\t\t\t\t\t\t\t\t\t\t\t\t\t\t\t<img fetchpriority=\"high\" decoding=\"async\" width=\"1920\" height=\"1280\" src=\"https:\/\/www.visit-mexico.mx\/wp-content\/uploads\/2020\/12\/Aguascalientes-Cover-01.jpg\" class=\"attachment-2048x2048 size-2048x2048 wp-image-7246\" alt=\"Aguascalientes\" srcset=\"https:\/\/www.visit-mexico.mx\/wp-content\/uploads\/2020\/12\/Aguascalientes-Cover-01.jpg 1920w, https:\/\/www.visit-mexico.mx\/wp-content\/uploads\/2020\/12\/Aguascalientes-Cover-01-300x200.jpg 300w, https:\/\/www.visit-mexico.mx\/wp-content\/uploads\/2020\/12\/Aguascalientes-Cover-01-1024x683.jpg 1024w, https:\/\/www.visit-mexico.mx\/wp-content\/uploads\/2020\/12\/Aguascalientes-Cover-01-768x512.jpg 768w, https:\/\/www.visit-mexico.mx\/wp-content\/uploads\/2020\/12\/Aguascalientes-Cover-01-1536x1024.jpg 1536w, https:\/\/www.visit-mexico.mx\/wp-content\/uploads\/2020\/12\/Aguascalientes-Cover-01-16x12.jpg 16w, https:\/\/www.visit-mexico.mx\/wp-content\/uploads\/2020\/12\/Aguascalientes-Cover-01-720x480.jpg 720w\" sizes=\"(max-width: 1920px) 100vw, 1920px\" \/>\t\t\t\t\t\t\t\t\t\t\t\t\t\t\t<\/div>\n\t\t\t\t<\/div>\n\t\t\t\t<div class=\"elementor-element elementor-element-4ccd9a11 elementor-widget elementor-widget-text-editor\" data-id=\"4ccd9a11\" data-element_type=\"widget\" data-e-type=\"widget\" data-widget_type=\"text-editor.default\">\n\t\t\t\t<div class=\"elementor-widget-container\">\n\t\t\t\t\t\t\t\t\t<p><a href=\"https:\/\/www.visit-mexico.mx\/es\/\">M\u00c9XICO<\/a> \u00bb <a href=\"https:\/\/www.visit-mexico.mx\/es\/news\/\">Noticias<\/a> \u00bb <a href=\"https:\/\/www.visit-mexico.mx\/es\/news\/july-2023\/\">julio, 2023<\/a> \u00bb <span class=\"HwtZe\" lang=\"en\"><span class=\"jCAhz ChMk0b\"><span class=\"ryNqvb\">Todo listo para el Camino de la Asunci\u00f3n<\/span><\/span><\/span><\/p>\t\t\t\t\t\t\t\t<\/div>\n\t\t\t\t<\/div>\n\t\t\t\t<div class=\"elementor-element elementor-element-494ffc9d elementor-widget elementor-widget-text-editor\" data-id=\"494ffc9d\" data-element_type=\"widget\" data-e-type=\"widget\" data-widget_type=\"text-editor.default\">\n\t\t\t\t<div class=\"elementor-widget-container\">\n\t\t\t\t\t\t\t\t\t<p style=\"text-align: left;\">Publicado por <span class=\"fn\"><a href=\"https:\/\/www.heraldo.mx\/author\/leonardo-aguilar\/\" target=\"_blank\" rel=\"noopener\">Leonardo Aguilar Sol\u00eds<\/a><\/span> el 29 de julio de 2023<\/p>\t\t\t\t\t\t\t\t<\/div>\n\t\t\t\t<\/div>\n\t\t\t\t<div class=\"elementor-element elementor-element-4be1aa0d elementor-widget elementor-widget-global elementor-global-25770 elementor-widget-image\" data-id=\"4be1aa0d\" data-element_type=\"widget\" data-e-type=\"widget\" data-widget_type=\"image.default\">\n\t\t\t\t<div class=\"elementor-widget-container\">\n\t\t\t\t\t\t\t\t\t\t\t\t\t\t\t<img decoding=\"async\" width=\"280\" height=\"3\" src=\"https:\/\/www.visit-mexico.mx\/wp-content\/uploads\/2020\/08\/separator1.png\" class=\"attachment-large size-large wp-image-297\" alt=\"Visit Mexico\" srcset=\"https:\/\/www.visit-mexico.mx\/wp-content\/uploads\/2020\/08\/separator1.png 280w, https:\/\/www.visit-mexico.mx\/wp-content\/uploads\/2020\/08\/separator1-150x3.png 150w\" sizes=\"(max-width: 280px) 100vw, 280px\" \/>\t\t\t\t\t\t\t\t\t\t\t\t\t\t\t<\/div>\n\t\t\t\t<\/div>\n\t\t\t\t<div class=\"elementor-element elementor-element-65e89752 elementor-widget elementor-widget-text-editor\" data-id=\"65e89752\" data-element_type=\"widget\" data-e-type=\"widget\" data-widget_type=\"text-editor.default\">\n\t\t\t\t<div class=\"elementor-widget-container\">\n\t\t\t\t\t\t\t\t\t<p><a href=\"https:\/\/www.visit-mexico.mx\/es\/aguascalientes\/\">Aguascalientes<\/a>, un estado conocido por su gente c\u00e1lida, se prepara para albergar el Camino de la Asunci\u00f3n, una emocionante caminata de tres d\u00edas que recorre 93 kil\u00f3metros a trav\u00e9s de varios pueblos. El evento busca impulsar el deporte y el turismo en la regi\u00f3n, inspir\u00e1ndose en caminatas similares en otros pa\u00edses y estados mexicanos, y promete una experiencia inolvidable tanto para amantes de la naturaleza como para deportistas.<\/p><p>Ayer, una conferencia de prensa en la capital fue el escenario para revelar m\u00e1s detalles sobre este gran evento. Gloria Romo Cuesta, Secretaria de Turismo del Estado, encabez\u00f3 la presentaci\u00f3n del plan, mientras que representantes de los municipios participantes, entre ellos Luis Manuel Reyes de San Jos\u00e9 de Gracia, Humberto Ambriz de Pabell\u00f3n de Arteaga y Leticia Olivares de Tepezal\u00e1, asistieron al evento, junto con un representante del presidente municipal de Aguascalientes, Leonardo Monta\u00f1ez.<\/p><p>El viaje comenzar\u00e1 el viernes 11 de agosto a las 6:00 am desde el hermoso Parque Alameda en <a href=\"https:\/\/www.visit-mexico.mx\/es\/aguascalientes\/magical-towns-in-aguascalientes\/\">San Jos\u00e9 de Gracia<\/a>Los participantes se embarcar\u00e1n en una emocionante ruta que los llevar\u00e1 por los pintorescos pueblos de Pabell\u00f3n de Hidalgo, Rinc\u00f3n de Romos y Tepezala antes de establecer un campamento en Tepezal\u00e1.<\/p><p>El segundo d\u00eda, s\u00e1bado 12 de agosto, los aventureros continuar\u00e1n su caminata hacia Rancho Ubunto en Pabell\u00f3n de Arteaga. Aqu\u00ed, un encuentro especial les espera a los amantes del senderismo, una oportunidad para la convivencia y la camarader\u00eda entre los participantes que han aceptado este extraordinario desaf\u00edo.<\/p><p>La gran final del Camino de la Asunci\u00f3n est\u00e1 prevista para el domingo 13 de agosto, cuando los entusiastas senderistas culminen su recorrido de 93 kil\u00f3metros en la Plaza de Armas de la capital, Aguascalientes. Un final triunfal para una experiencia ardua y gratificante, que celebra tanto sus logros personales como el esp\u00edritu de aventura que comparten.<\/p><p>El comit\u00e9 organizador del Camino de la Asunci\u00f3n invita con entusiasmo a m\u00e1s participantes a unirse a esta edici\u00f3n inaugural. Con solo 200 plazas disponibles, se anima a los aspirantes a senderistas a reservar su lugar con anticipaci\u00f3n. Un aspecto emocionante es que la inscripci\u00f3n ser\u00e1 gratuita, lo que lo convierte en un evento abierto e inclusivo para todos aquellos que deseen desafiar sus l\u00edmites y explorar los impresionantes paisajes de Aguascalientes.<\/p><p>El Camino de la Asunci\u00f3n promete ser una experiencia inolvidable que atraer\u00e1 a amantes de la aventura, la naturaleza y los deportes de todos los rincones. A medida que se acerca el evento, crece la emoci\u00f3n y la expectaci\u00f3n, y los organizadores conf\u00edan en que se convertir\u00e1 en una preciada tradici\u00f3n, fomentando tanto la pr\u00e1ctica deportiva como la apreciaci\u00f3n de la belleza natural de la regi\u00f3n. \u00a1Prep\u00e1rate para la aventura de tu vida, ya que el Camino de la Asunci\u00f3n te espera del 11 al 13 de agosto!<\/p>\t\t\t\t\t\t\t\t<\/div>\n\t\t\t\t<\/div>\n\t\t\t\t<div class=\"elementor-element elementor-element-34b17de5 elementor-widget elementor-widget-text-editor\" data-id=\"34b17de5\" data-element_type=\"widget\" data-e-type=\"widget\" data-widget_type=\"text-editor.default\">\n\t\t\t\t<div class=\"elementor-widget-container\">\n\t\t\t\t\t\t\t\t\t<p style=\"text-align: right;\"><a href=\"https:\/\/www.heraldo.mx\/todo-listo-para-el-camino-de-la-asuncion\/\" target=\"_blank\" rel=\"noreferrer noopener\">Enlace al art\u00edculo<\/a><\/p>\t\t\t\t\t\t\t\t<\/div>\n\t\t\t\t<\/div>\n\t\t\t\t<div class=\"elementor-element elementor-element-6055a576 elementor-widget elementor-widget-global elementor-global-20595 elementor-widget-shortcode\" data-id=\"6055a576\" data-element_type=\"widget\" data-e-type=\"widget\" data-widget_type=\"shortcode.default\">\n\t\t\t\t<div class=\"elementor-widget-container\">\n\t\t\t\t\t\t\t<div class=\"elementor-shortcode\"><div class=\"heateor_sss_sharing_container heateor_sss_horizontal_sharing\" data-heateor-ss-offset=\"0\" data-heateor-sss-href='https:\/\/www.visit-mexico.mx\/es\/news\/july-2023\/everything-ready-for-the-camino-de-la-asuncion\/'><div class=\"heateor_sss_sharing_title\" style=\"font-weight:bold\">Comparte este art\u00edculo:<\/div><div class=\"heateor_sss_sharing_ul\"><a aria-label=\"Facebook\" class=\"heateor_sss_facebook\" href=\"https:\/\/www.facebook.com\/sharer\/sharer.php?u=https%3A%2F%2Fwww.visit-mexico.mx%2Fes%2Fnews%2Fjuly-2023%2Feverything-ready-for-the-camino-de-la-asuncion%2F\" title=\"Facebook\" rel=\"nofollow noopener\" target=\"_blank\" style=\"font-size:32px!important;box-shadow:none;display:inline-block;vertical-align:middle\"><span class=\"heateor_sss_svg\" style=\"background-color:#0765FE;width:35px;height:35px;border-radius:999px;display:inline-block;opacity:1;float:left;font-size:32px;box-shadow:none;display:inline-block;font-size:16px;padding:0 4px;vertical-align:middle;background-repeat:repeat;overflow:hidden;padding:0;cursor:pointer;box-sizing:content-box\"><svg style=\"display:block;border-radius:999px;\" focusable=\"false\" aria-hidden=\"true\" xmlns=\"http:\/\/www.w3.org\/2000\/svg\" width=\"100%\" height=\"100%\" viewbox=\"0 0 32 32\"><path fill=\"#fff\" d=\"M28 16c0-6.627-5.373-12-12-12S4 9.373 4 16c0 5.628 3.875 10.35 9.101 11.647v-7.98h-2.474V16H13.1v-1.58c0-4.085 1.849-5.978 5.859-5.978.76 0 2.072.15 2.608.298v3.325c-.283-.03-.775-.045-1.386-.045-1.967 0-2.728.745-2.728 2.683V16h3.92l-.673 3.667h-3.247v8.245C23.395 27.195 28 22.135 28 16Z\"><\/path><\/svg><\/span><\/a><a aria-label=\"Twitter\" class=\"heateor_sss_button_twitter\" href=\"https:\/\/twitter.com\/intent\/tweet?text=Everything%20ready%20for%20the%20Camino%20de%20la%20Asunci%C3%B3n&url=https%3A%2F%2Fwww.visit-mexico.mx%2Fes%2Fnews%2Fjuly-2023%2Feverything-ready-for-the-camino-de-la-asuncion%2F\" title=\"Twitter\" rel=\"nofollow noopener\" target=\"_blank\" style=\"font-size:32px!important;box-shadow:none;display:inline-block;vertical-align:middle\"><span class=\"heateor_sss_svg heateor_sss_s__default heateor_sss_s_twitter\" style=\"background-color:#55acee;width:35px;height:35px;border-radius:999px;display:inline-block;opacity:1;float:left;font-size:32px;box-shadow:none;display:inline-block;font-size:16px;padding:0 4px;vertical-align:middle;background-repeat:repeat;overflow:hidden;padding:0;cursor:pointer;box-sizing:content-box\"><svg style=\"display:block;border-radius:999px;\" focusable=\"false\" aria-hidden=\"true\" xmlns=\"http:\/\/www.w3.org\/2000\/svg\" width=\"100%\" height=\"100%\" viewbox=\"-4 -4 39 39\"><path d=\"M28 8.557a9.913 9.913 0 0 1-2.828.775 4.93 4.93 0 0 0 2.166-2.725 9.738 9.738 0 0 1-3.13 1.194 4.92 4.92 0 0 0-3.593-1.55 4.924 4.924 0 0 0-4.794 6.049c-4.09-.21-7.72-2.17-10.15-5.15a4.942 4.942 0 0 0-.665 2.477c0 1.71.87 3.214 2.19 4.1a4.968 4.968 0 0 1-2.23-.616v.06c0 2.39 1.7 4.38 3.952 4.83-.414.115-.85.174-1.297.174-.318 0-.626-.03-.928-.086a4.935 4.935 0 0 0 4.6 3.42 9.893 9.893 0 0 1-6.114 2.107c-.398 0-.79-.023-1.175-.068a13.953 13.953 0 0 0 7.55 2.213c9.056 0 14.01-7.507 14.01-14.013 0-.213-.005-.426-.015-.637.96-.695 1.795-1.56 2.455-2.55z\" fill=\"#fff\"><\/path><\/svg><\/span><\/a><a aria-label=\"Pinterest\" class=\"heateor_sss_button_pinterest\" href=\"https:\/\/www.visit-mexico.mx\/es\/news\/july-2023\/everything-ready-for-the-camino-de-la-asuncion\/\" onclick=\"event.preventDefault();javascript:void( (function() {var e=document.createElement('script' );e.setAttribute('type','text\/javascript' );e.setAttribute('charset','UTF-8' );e.setAttribute('src','\/\/assets.pinterest.com\/js\/pinmarklet.js?r='+Math.random()*99999999);document.body.appendChild(e)})());\" title=\"Pinterest\" rel=\"noopener\" style=\"font-size:32px!important;box-shadow:none;display:inline-block;vertical-align:middle\"><span class=\"heateor_sss_svg heateor_sss_s__default heateor_sss_s_pinterest\" style=\"background-color:#cc2329;width:35px;height:35px;border-radius:999px;display:inline-block;opacity:1;float:left;font-size:32px;box-shadow:none;display:inline-block;font-size:16px;padding:0 4px;vertical-align:middle;background-repeat:repeat;overflow:hidden;padding:0;cursor:pointer;box-sizing:content-box\"><svg style=\"display:block;border-radius:999px;\" focusable=\"false\" aria-hidden=\"true\" xmlns=\"http:\/\/www.w3.org\/2000\/svg\" width=\"100%\" height=\"100%\" viewbox=\"-2 -2 35 35\"><path fill=\"#fff\" d=\"M16.539 4.5c-6.277 0-9.442 4.5-9.442 8.253 0 2.272.86 4.293 2.705 5.046.303.125.574.005.662-.33.061-.231.205-.816.27-1.06.088-.331.053-.447-.191-.736-.532-.627-.873-1.439-.873-2.591 0-3.338 2.498-6.327 6.505-6.327 3.548 0 5.497 2.168 5.497 5.062 0 3.81-1.686 7.025-4.188 7.025-1.382 0-2.416-1.142-2.085-2.545.397-1.674 1.166-3.48 1.166-4.689 0-1.081-.581-1.983-1.782-1.983-1.413 0-2.548 1.462-2.548 3.419 0 1.247.421 2.091.421 2.091l-1.699 7.199c-.505 2.137-.076 4.755-.039 5.019.021.158.223.196.314.077.13-.17 1.813-2.247 2.384-4.324.162-.587.929-3.631.929-3.631.46.876 1.801 1.646 3.227 1.646 4.247 0 7.128-3.871 7.128-9.053.003-3.918-3.317-7.568-8.361-7.568z\"\/><\/svg><\/span><\/a><a aria-label=\"Instagram\" class=\"heateor_sss_button_instagram\" href=\"https:\/\/www.instagram.com\/visit_mexico.mx\" title=\"Instagram\" rel=\"nofollow noopener\" target=\"_blank\" style=\"font-size:32px!important;box-shadow:none;display:inline-block;vertical-align:middle\"><span class=\"heateor_sss_svg\" style=\"background-color:#53beee;width:35px;height:35px;border-radius:999px;display:inline-block;opacity:1;float:left;font-size:32px;box-shadow:none;display:inline-block;font-size:16px;padding:0 4px;vertical-align:middle;background-repeat:repeat;overflow:hidden;padding:0;cursor:pointer;box-sizing:content-box\"><svg style=\"display:block;border-radius:999px;\" version=\"1.1\" viewbox=\"-10 -10 148 148\" width=\"100%\" height=\"100%\" xml:space=\"preserve\" xmlns=\"http:\/\/www.w3.org\/2000\/svg\" xmlns:xlink=\"http:\/\/www.w3.org\/1999\/xlink\"><g><g><path d=\"M86,112H42c-14.336,0-26-11.663-26-26V42c0-14.337,11.664-26,26-26h44c14.337,0,26,11.663,26,26v44 C112,100.337,100.337,112,86,112z M42,24c-9.925,0-18,8.074-18,18v44c0,9.925,8.075,18,18,18h44c9.926,0,18-8.075,18-18V42 c0-9.926-8.074-18-18-18H42z\" fill=\"#fff\"><\/path><\/g><g><path d=\"M64,88c-13.234,0-24-10.767-24-24c0-13.234,10.766-24,24-24s24,10.766,24,24C88,77.233,77.234,88,64,88z M64,48c-8.822,0-16,7.178-16,16s7.178,16,16,16c8.822,0,16-7.178,16-16S72.822,48,64,48z\" fill=\"#fff\"><\/path><\/g><g><circle cx=\"89.5\" cy=\"38.5\" fill=\"#fff\" r=\"5.5\"><\/circle><\/g><\/g><\/svg><\/span><\/a><a aria-label=\"Whatsapp\" class=\"heateor_sss_whatsapp\" href=\"https:\/\/api.whatsapp.com\/send?text=Everything%20ready%20for%20the%20Camino%20de%20la%20Asunci%C3%B3n%20https%3A%2F%2Fwww.visit-mexico.mx%2Fes%2Fnews%2Fjuly-2023%2Feverything-ready-for-the-camino-de-la-asuncion%2F\" title=\"Whatsapp\" rel=\"nofollow noopener\" target=\"_blank\" style=\"font-size:32px!important;box-shadow:none;display:inline-block;vertical-align:middle\"><span class=\"heateor_sss_svg\" style=\"background-color:#55eb4c;width:35px;height:35px;border-radius:999px;display:inline-block;opacity:1;float:left;font-size:32px;box-shadow:none;display:inline-block;font-size:16px;padding:0 4px;vertical-align:middle;background-repeat:repeat;overflow:hidden;padding:0;cursor:pointer;box-sizing:content-box\"><svg style=\"display:block;border-radius:999px;\" focusable=\"false\" aria-hidden=\"true\" xmlns=\"http:\/\/www.w3.org\/2000\/svg\" width=\"100%\" height=\"100%\" viewbox=\"-6 -5 40 40\"><path class=\"heateor_sss_svg_stroke heateor_sss_no_fill\" stroke=\"#fff\" stroke-width=\"2\" fill=\"none\" d=\"M 11.579798566743314 24.396926207859085 A 10 10 0 1 0 6.808479557110079 20.73576436351046\"><\/path><path d=\"M 7 19 l -1 6 l 6 -1\" class=\"heateor_sss_no_fill heateor_sss_svg_stroke\" stroke=\"#fff\" stroke-width=\"2\" fill=\"none\"><\/path><path d=\"M 10 10 q -1 8 8 11 c 5 -1 0 -6 -1 -3 q -4 -3 -5 -5 c 4 -2 -1 -5 -1 -4\" fill=\"#fff\"><\/path><\/svg><\/span><\/a><a class=\"heateor_sss_more\" aria-label=\"M\u00e1s\" title=\"M\u00e1s\" rel=\"nofollow noopener\" style=\"font-size: 32px!important;border:0;box-shadow:none;display:inline-block!important;font-size:16px;padding:0 4px;vertical-align: middle;display:inline;\" href=\"https:\/\/www.visit-mexico.mx\/es\/news\/july-2023\/everything-ready-for-the-camino-de-la-asuncion\/\" onclick=\"event.preventDefault()\"><span class=\"heateor_sss_svg\" style=\"background-color:#ee8e2d;width:35px;height:35px;border-radius:999px;display:inline-block!important;opacity:1;float:left;font-size:32px!important;box-shadow:none;display:inline-block;font-size:16px;padding:0 4px;vertical-align:middle;display:inline;background-repeat:repeat;overflow:hidden;padding:0;cursor:pointer;box-sizing:content-box;\" onclick=\"heateorSssMoreSharingPopup(this, 'https:\/\/www.visit-mexico.mx\/es\/news\/july-2023\/everything-ready-for-the-camino-de-la-asuncion\/', 'Everything%20ready%20for%20the%20Camino%20de%20la%20Asunci%C3%B3n', '' )\"><svg xmlns=\"http:\/\/www.w3.org\/2000\/svg\" xmlns:xlink=\"http:\/\/www.w3.org\/1999\/xlink\" viewbox=\"-.3 0 32 32\" version=\"1.1\" width=\"100%\" height=\"100%\" style=\"display:block;border-radius:999px;\" xml:space=\"preserve\"><g><path fill=\"#fff\" d=\"M18 14V8h-4v6H8v4h6v6h4v-6h6v-4h-6z\" fill-rule=\"evenodd\"><\/path><\/g><\/svg><\/span><\/a><\/div><div class=\"heateorSssClear\"><\/div><\/div><\/div>\n\t\t\t\t\t\t<\/div>\n\t\t\t\t<\/div>\n\t\t\t\t<div class=\"elementor-element elementor-element-649c5cc8 elementor-widget elementor-widget-global elementor-global-8322 elementor-widget-html\" data-id=\"649c5cc8\" data-element_type=\"widget\" data-e-type=\"widget\" data-widget_type=\"html.default\">\n\t\t\t\t<div class=\"elementor-widget-container\">\n\t\t\t\t\t<script async src=\"https:\/\/pagead2.googlesyndication.com\/pagead\/js\/adsbygoogle.js?client=ca-pub-4872862374985876\"\n     crossorigin=\"anonymous\"><\/script>\n<!-- GoogleAd-01 -->\n<ins class=\"adsbygoogle\"\n     style=\"display:block\"\n     data-ad-client=\"ca-pub-4872862374985876\"\n     data-ad-slot=\"9156834948\"\n     data-ad-format=\"auto\"\n     data-full-width-responsive=\"true\"><\/ins>\n<script>\n     (adsbygoogle = window.adsbygoogle || []).push({});\n<\/script>\t\t\t\t<\/div>\n\t\t\t\t<\/div>\n\t\t\t\t<div class=\"elementor-element elementor-element-7d3c12c7 elementor-widget elementor-widget-global elementor-global-25770 elementor-widget-image\" data-id=\"7d3c12c7\" data-element_type=\"widget\" data-e-type=\"widget\" data-widget_type=\"image.default\">\n\t\t\t\t<div class=\"elementor-widget-container\">\n\t\t\t\t\t\t\t\t\t\t\t\t\t\t\t<img decoding=\"async\" width=\"280\" height=\"3\" src=\"https:\/\/www.visit-mexico.mx\/wp-content\/uploads\/2020\/08\/separator1.png\" class=\"attachment-large size-large wp-image-297\" alt=\"Visit Mexico\" srcset=\"https:\/\/www.visit-mexico.mx\/wp-content\/uploads\/2020\/08\/separator1.png 280w, https:\/\/www.visit-mexico.mx\/wp-content\/uploads\/2020\/08\/separator1-150x3.png 150w\" sizes=\"(max-width: 280px) 100vw, 280px\" \/>\t\t\t\t\t\t\t\t\t\t\t\t\t\t\t<\/div>\n\t\t\t\t<\/div>\n\t\t\t\t<div class=\"elementor-element elementor-element-50ad645f elementor-widget elementor-widget-heading\" data-id=\"50ad645f\" data-element_type=\"widget\" data-e-type=\"widget\" data-widget_type=\"heading.default\">\n\t\t\t\t<div class=\"elementor-widget-container\">\n\t\t\t\t\t<h2 class=\"elementor-heading-title elementor-size-default\">Noticias m\u00e1s recientes sobre turismo en M\u00e9xico<\/h2>\t\t\t\t<\/div>\n\t\t\t\t<\/div>\n\t\t\t\t<div class=\"elementor-element elementor-element-30560ef0 elementor-grid-4 mx-post-all elementor-grid-tablet-2 elementor-grid-mobile-1 elementor-posts--thumbnail-top elementor-card-shadow-yes elementor-posts__hover-gradient elementor-widget elementor-widget-global elementor-global-19593 elementor-widget-posts\" data-id=\"30560ef0\" data-element_type=\"widget\" data-e-type=\"widget\" data-settings=\"{&quot;cards_columns&quot;:&quot;4&quot;,&quot;cards_columns_tablet&quot;:&quot;2&quot;,&quot;cards_columns_mobile&quot;:&quot;1&quot;,&quot;cards_row_gap&quot;:{&quot;unit&quot;:&quot;px&quot;,&quot;size&quot;:35,&quot;sizes&quot;:[]},&quot;cards_row_gap_tablet&quot;:{&quot;unit&quot;:&quot;px&quot;,&quot;size&quot;:&quot;&quot;,&quot;sizes&quot;:[]},&quot;cards_row_gap_mobile&quot;:{&quot;unit&quot;:&quot;px&quot;,&quot;size&quot;:&quot;&quot;,&quot;sizes&quot;:[]}}\" data-widget_type=\"posts.cards\">\n\t\t\t\t<div class=\"elementor-widget-container\">\n\t\t\t\t\t\t\t<div class=\"elementor-posts-container elementor-posts elementor-posts--skin-cards elementor-grid\" role=\"list\">\n\t\t\t\t<article class=\"elementor-post elementor-grid-item post-29094 post type-post status-publish format-standard has-post-thumbnail hentry category-june-2024 tag-mexico\" role=\"listitem\">\n\t\t\t<div class=\"elementor-post__card\">\n\t\t\t\t<a class=\"elementor-post__thumbnail__link\" href=\"https:\/\/www.visit-mexico.mx\/es\/news\/june-2024\/mexico-ranks-among-top-10-global-tourist-favorites\/\" tabindex=\"-1\" ><div class=\"elementor-post__thumbnail\"><img decoding=\"async\" width=\"1920\" height=\"1272\" src=\"https:\/\/www.visit-mexico.mx\/wp-content\/uploads\/2021\/01\/Mexico-Cover-02-1.jpg\" class=\"attachment-2048x2048 size-2048x2048 wp-image-10780\" alt=\"Mexico\" srcset=\"https:\/\/www.visit-mexico.mx\/wp-content\/uploads\/2021\/01\/Mexico-Cover-02-1.jpg 1920w, https:\/\/www.visit-mexico.mx\/wp-content\/uploads\/2021\/01\/Mexico-Cover-02-1-300x199.jpg 300w, https:\/\/www.visit-mexico.mx\/wp-content\/uploads\/2021\/01\/Mexico-Cover-02-1-1024x678.jpg 1024w, https:\/\/www.visit-mexico.mx\/wp-content\/uploads\/2021\/01\/Mexico-Cover-02-1-768x509.jpg 768w, https:\/\/www.visit-mexico.mx\/wp-content\/uploads\/2021\/01\/Mexico-Cover-02-1-1536x1018.jpg 1536w, https:\/\/www.visit-mexico.mx\/wp-content\/uploads\/2021\/01\/Mexico-Cover-02-1-16x12.jpg 16w\" sizes=\"(max-width: 1920px) 100vw, 1920px\" \/><\/div><\/a>\n\t\t\t\t<div class=\"elementor-post__badge\">M\u00e9xico<\/div>\n\t\t\t\t<div class=\"elementor-post__text\">\n\t\t\t\t<h3 class=\"elementor-post__title\">\n\t\t\t<a href=\"https:\/\/www.visit-mexico.mx\/es\/news\/june-2024\/mexico-ranks-among-top-10-global-tourist-favorites\/\" >\n\t\t\t\tM\u00e9xico se ubica entre los 10 favoritos de los turistas a nivel mundial\t\t\t<\/a>\n\t\t<\/h3>\n\t\t\t\t<div class=\"elementor-post__excerpt\">\n\t\t\t<p>M\u00e9xico ha asegurado su posici\u00f3n entre los 10 destinos tur\u00edsticos m\u00e1s favorecidos a nivel mundial, seg\u00fan cifras oficiales de la Secretar\u00eda de Turismo (Sectur), lo que refleja un crecimiento s\u00f3lido en varios indicadores tur\u00edsticos como la inversi\u00f3n extranjera directa, el gasto de los visitantes y los ingresos de los viajeros internacionales.\u2026 <a class=\"kt-excerpt-readmore more-link\" href=\"https:\/\/www.visit-mexico.mx\/es\/news\/june-2024\/mexico-ranks-among-top-10-global-tourist-favorites\/\">Leer m\u00e1s<\/a><\/p>\n\t\t<\/div>\n\t\t\n\t\t<a class=\"elementor-post__read-more\" href=\"https:\/\/www.visit-mexico.mx\/es\/news\/june-2024\/mexico-ranks-among-top-10-global-tourist-favorites\/\" aria-label=\"M\u00e1s informaci\u00f3n sobre M\u00e9xico se ubica entre los 10 favoritos de los turistas a nivel mundial\" tabindex=\"-1\" >\n\t\t\tLeer m\u00e1s &quot;\t\t<\/a>\n\n\t\t\t\t<\/div>\n\t\t\t\t<div class=\"elementor-post__meta-data\">\n\t\t\t\t\t<span class=\"elementor-post-date\">\n\t\t\t10 de junio de 2024\t\t<\/span>\n\t\t\t\t<\/div>\n\t\t\t\t\t<\/div>\n\t\t<\/article>\n\t\t\t\t<article class=\"elementor-post elementor-grid-item post-29085 post type-post status-publish format-standard has-post-thumbnail hentry category-june-2024 tag-quintana-roo\" role=\"listitem\">\n\t\t\t<div class=\"elementor-post__card\">\n\t\t\t\t<a class=\"elementor-post__thumbnail__link\" href=\"https:\/\/www.visit-mexico.mx\/es\/news\/june-2024\/new-italy-cancun-route-boosts-tourism-in-quintana-roo\/\" tabindex=\"-1\" ><div class=\"elementor-post__thumbnail\"><img loading=\"lazy\" decoding=\"async\" width=\"1920\" height=\"1280\" src=\"https:\/\/www.visit-mexico.mx\/wp-content\/uploads\/2020\/12\/QuintanaRoo-Cover-03.jpg\" class=\"attachment-2048x2048 size-2048x2048 wp-image-6800\" alt=\"Quintana Roo\" srcset=\"https:\/\/www.visit-mexico.mx\/wp-content\/uploads\/2020\/12\/QuintanaRoo-Cover-03.jpg 1920w, https:\/\/www.visit-mexico.mx\/wp-content\/uploads\/2020\/12\/QuintanaRoo-Cover-03-300x200.jpg 300w, https:\/\/www.visit-mexico.mx\/wp-content\/uploads\/2020\/12\/QuintanaRoo-Cover-03-1024x683.jpg 1024w, https:\/\/www.visit-mexico.mx\/wp-content\/uploads\/2020\/12\/QuintanaRoo-Cover-03-768x512.jpg 768w, https:\/\/www.visit-mexico.mx\/wp-content\/uploads\/2020\/12\/QuintanaRoo-Cover-03-1536x1024.jpg 1536w, https:\/\/www.visit-mexico.mx\/wp-content\/uploads\/2020\/12\/QuintanaRoo-Cover-03-16x12.jpg 16w, https:\/\/www.visit-mexico.mx\/wp-content\/uploads\/2020\/12\/QuintanaRoo-Cover-03-720x480.jpg 720w, https:\/\/www.visit-mexico.mx\/wp-content\/uploads\/2020\/12\/QuintanaRoo-Cover-03-960x640.jpg 960w, https:\/\/www.visit-mexico.mx\/wp-content\/uploads\/2020\/12\/QuintanaRoo-Cover-03-480x320.jpg 480w, https:\/\/www.visit-mexico.mx\/wp-content\/uploads\/2020\/12\/QuintanaRoo-Cover-03-360x240.jpg 360w\" sizes=\"(max-width: 1920px) 100vw, 1920px\" \/><\/div><\/a>\n\t\t\t\t<div class=\"elementor-post__badge\">Quintana Roo<\/div>\n\t\t\t\t<div class=\"elementor-post__text\">\n\t\t\t\t<h3 class=\"elementor-post__title\">\n\t\t\t<a href=\"https:\/\/www.visit-mexico.mx\/es\/news\/june-2024\/new-italy-cancun-route-boosts-tourism-in-quintana-roo\/\" >\n\t\t\t\tNueva ruta Italia-Canc\u00fan impulsa turismo en Quintana Roo\t\t\t<\/a>\n\t\t<\/h3>\n\t\t\t\t<div class=\"elementor-post__excerpt\">\n\t\t\t<p>La gobernadora Mar\u00eda Lezama Espinosa dio a conocer recientemente planes para una nueva ruta a\u00e9rea que unir\u00e1 Italia y Canc\u00fan, operada por la aerol\u00ednea italiana Neos. A partir del 22 de diciembre, Neos operar\u00e1 vuelos directos desde Italia a Canc\u00fan todos los domingos.\u2026 <a class=\"kt-excerpt-readmore more-link\" href=\"https:\/\/www.visit-mexico.mx\/es\/news\/june-2024\/new-italy-cancun-route-boosts-tourism-in-quintana-roo\/\">Leer m\u00e1s<\/a><\/p>\n\t\t<\/div>\n\t\t\n\t\t<a class=\"elementor-post__read-more\" href=\"https:\/\/www.visit-mexico.mx\/es\/news\/june-2024\/new-italy-cancun-route-boosts-tourism-in-quintana-roo\/\" aria-label=\"M\u00e1s informaci\u00f3n sobre Nueva Ruta Italia-Canc\u00fan impulsa turismo en Quintana Roo\" tabindex=\"-1\" >\n\t\t\tLeer m\u00e1s &quot;\t\t<\/a>\n\n\t\t\t\t<\/div>\n\t\t\t\t<div class=\"elementor-post__meta-data\">\n\t\t\t\t\t<span class=\"elementor-post-date\">\n\t\t\t9 de junio de 2024\t\t<\/span>\n\t\t\t\t<\/div>\n\t\t\t\t\t<\/div>\n\t\t<\/article>\n\t\t\t\t<article class=\"elementor-post elementor-grid-item post-29079 post type-post status-publish format-standard has-post-thumbnail hentry category-june-2024 tag-queretaro\" role=\"listitem\">\n\t\t\t<div class=\"elementor-post__card\">\n\t\t\t\t<a class=\"elementor-post__thumbnail__link\" href=\"https:\/\/www.visit-mexico.mx\/es\/news\/june-2024\/thousands-to-participate-in-the-xtrail-deprive-challenge-at-bernal-vineyards\/\" tabindex=\"-1\" ><div class=\"elementor-post__thumbnail\"><img loading=\"lazy\" decoding=\"async\" width=\"1920\" height=\"1280\" src=\"https:\/\/www.visit-mexico.mx\/wp-content\/uploads\/2021\/01\/Queretaro-Cover-01.jpg\" class=\"attachment-2048x2048 size-2048x2048 wp-image-9537\" alt=\"Queretaro\" srcset=\"https:\/\/www.visit-mexico.mx\/wp-content\/uploads\/2021\/01\/Queretaro-Cover-01.jpg 1920w, https:\/\/www.visit-mexico.mx\/wp-content\/uploads\/2021\/01\/Queretaro-Cover-01-300x200.jpg 300w, https:\/\/www.visit-mexico.mx\/wp-content\/uploads\/2021\/01\/Queretaro-Cover-01-1024x683.jpg 1024w, https:\/\/www.visit-mexico.mx\/wp-content\/uploads\/2021\/01\/Queretaro-Cover-01-768x512.jpg 768w, https:\/\/www.visit-mexico.mx\/wp-content\/uploads\/2021\/01\/Queretaro-Cover-01-1536x1024.jpg 1536w, https:\/\/www.visit-mexico.mx\/wp-content\/uploads\/2021\/01\/Queretaro-Cover-01-16x12.jpg 16w, https:\/\/www.visit-mexico.mx\/wp-content\/uploads\/2021\/01\/Queretaro-Cover-01-720x480.jpg 720w\" sizes=\"(max-width: 1920px) 100vw, 1920px\" \/><\/div><\/a>\n\t\t\t\t<div class=\"elementor-post__badge\">Quer\u00e9taro<\/div>\n\t\t\t\t<div class=\"elementor-post__text\">\n\t\t\t\t<h3 class=\"elementor-post__title\">\n\t\t\t<a href=\"https:\/\/www.visit-mexico.mx\/es\/news\/june-2024\/thousands-to-participate-in-the-xtrail-deprive-challenge-at-bernal-vineyards\/\" >\n\t\t\t\tMiles participar\u00e1n en el Desaf\u00edo Xtrail Depriv\u00e9 en Vi\u00f1edos Bernal\t\t\t<\/a>\n\t\t<\/h3>\n\t\t\t\t<div class=\"elementor-post__excerpt\">\n\t\t\t<p>Celebrando una d\u00e9cada desde su creaci\u00f3n, el Xtrail Depriv\u00e9 Challenge surge como la carrera nacional m\u00e1s importante, preparada para presenciar la participaci\u00f3n de dos mil corredores a trav\u00e9s de los pintorescos vi\u00f1edos de Bernal.\u2026 <a class=\"kt-excerpt-readmore more-link\" href=\"https:\/\/www.visit-mexico.mx\/es\/news\/june-2024\/thousands-to-participate-in-the-xtrail-deprive-challenge-at-bernal-vineyards\/\">Leer m\u00e1s<\/a><\/p>\n\t\t<\/div>\n\t\t\n\t\t<a class=\"elementor-post__read-more\" href=\"https:\/\/www.visit-mexico.mx\/es\/news\/june-2024\/thousands-to-participate-in-the-xtrail-deprive-challenge-at-bernal-vineyards\/\" aria-label=\"M\u00e1s informaci\u00f3n sobre Miles participar\u00e1n en el Desaf\u00edo Xtrail Depriv\u00e9 en Vi\u00f1edos Bernal\" tabindex=\"-1\" >\n\t\t\tLeer m\u00e1s &quot;\t\t<\/a>\n\n\t\t\t\t<\/div>\n\t\t\t\t<div class=\"elementor-post__meta-data\">\n\t\t\t\t\t<span class=\"elementor-post-date\">\n\t\t\t8 de junio de 2024\t\t<\/span>\n\t\t\t\t<\/div>\n\t\t\t\t\t<\/div>\n\t\t<\/article>\n\t\t\t\t<article class=\"elementor-post elementor-grid-item post-29073 post type-post status-publish format-standard has-post-thumbnail hentry category-june-2024 tag-mexico\" role=\"listitem\">\n\t\t\t<div class=\"elementor-post__card\">\n\t\t\t\t<a class=\"elementor-post__thumbnail__link\" href=\"https:\/\/www.visit-mexico.mx\/es\/news\/june-2024\/mexico-sees-decline-in-tourist-currency-attraction\/\" tabindex=\"-1\" ><div class=\"elementor-post__thumbnail\"><img loading=\"lazy\" decoding=\"async\" width=\"1920\" height=\"1080\" src=\"https:\/\/www.visit-mexico.mx\/wp-content\/uploads\/2020\/12\/Mexico-Cover-11.jpg\" class=\"attachment-2048x2048 size-2048x2048 wp-image-5659\" alt=\"Capital Cities of Mexico\" srcset=\"https:\/\/www.visit-mexico.mx\/wp-content\/uploads\/2020\/12\/Mexico-Cover-11.jpg 1920w, https:\/\/www.visit-mexico.mx\/wp-content\/uploads\/2020\/12\/Mexico-Cover-11-300x169.jpg 300w, https:\/\/www.visit-mexico.mx\/wp-content\/uploads\/2020\/12\/Mexico-Cover-11-1024x576.jpg 1024w, https:\/\/www.visit-mexico.mx\/wp-content\/uploads\/2020\/12\/Mexico-Cover-11-768x432.jpg 768w, https:\/\/www.visit-mexico.mx\/wp-content\/uploads\/2020\/12\/Mexico-Cover-11-1536x864.jpg 1536w, https:\/\/www.visit-mexico.mx\/wp-content\/uploads\/2020\/12\/Mexico-Cover-11-16x9.jpg 16w, https:\/\/www.visit-mexico.mx\/wp-content\/uploads\/2020\/12\/Mexico-Cover-11-960x540.jpg 960w, https:\/\/www.visit-mexico.mx\/wp-content\/uploads\/2020\/12\/Mexico-Cover-11-480x270.jpg 480w, https:\/\/www.visit-mexico.mx\/wp-content\/uploads\/2020\/12\/Mexico-Cover-11-720x406.jpg 720w, https:\/\/www.visit-mexico.mx\/wp-content\/uploads\/2020\/12\/Mexico-Cover-11-360x203.jpg 360w\" sizes=\"(max-width: 1920px) 100vw, 1920px\" \/><\/div><\/a>\n\t\t\t\t<div class=\"elementor-post__badge\">M\u00e9xico<\/div>\n\t\t\t\t<div class=\"elementor-post__text\">\n\t\t\t\t<h3 class=\"elementor-post__title\">\n\t\t\t<a href=\"https:\/\/www.visit-mexico.mx\/es\/news\/june-2024\/mexico-sees-decline-in-tourist-currency-attraction\/\" >\n\t\t\t\tM\u00e9xico ve ca\u00edda en atracci\u00f3n de divisas tur\u00edsticas\t\t\t<\/a>\n\t\t<\/h3>\n\t\t\t\t<div class=\"elementor-post__excerpt\">\n\t\t\t<p>En 2023, M\u00e9xico experiment\u00f3 un retroceso notable en su b\u00fasqueda de atraer el gasto tur\u00edstico, cayendo cinco lugares en el ranking mundial de recaudaci\u00f3n de divisas respecto al a\u00f1o anterior. Seg\u00fan los \u00faltimos datos de la ONU de Turismo, M\u00e9xico ocupa el puesto 15, a pesar de acumular una cifra hist\u00f3rica de 30.809,5 millones de d\u00f3lares en ingresos tur\u00edsticos.\u2026 <a class=\"kt-excerpt-readmore more-link\" href=\"https:\/\/www.visit-mexico.mx\/es\/news\/june-2024\/mexico-sees-decline-in-tourist-currency-attraction\/\">Leer m\u00e1s<\/a><\/p>\n\t\t<\/div>\n\t\t\n\t\t<a class=\"elementor-post__read-more\" href=\"https:\/\/www.visit-mexico.mx\/es\/news\/june-2024\/mexico-sees-decline-in-tourist-currency-attraction\/\" aria-label=\"M\u00e1s informaci\u00f3n sobre M\u00e9xico ve ca\u00edda en atracci\u00f3n de divisas tur\u00edsticas\" tabindex=\"-1\" >\n\t\t\tLeer m\u00e1s &quot;\t\t<\/a>\n\n\t\t\t\t<\/div>\n\t\t\t\t<div class=\"elementor-post__meta-data\">\n\t\t\t\t\t<span class=\"elementor-post-date\">\n\t\t\t7 de junio de 2024\t\t<\/span>\n\t\t\t\t<\/div>\n\t\t\t\t\t<\/div>\n\t\t<\/article>\n\t\t\t\t<article class=\"elementor-post elementor-grid-item post-29064 post type-post status-publish format-standard has-post-thumbnail hentry category-june-2024 tag-sinaloa\" role=\"listitem\">\n\t\t\t<div class=\"elementor-post__card\">\n\t\t\t\t<a class=\"elementor-post__thumbnail__link\" href=\"https:\/\/www.visit-mexico.mx\/es\/news\/june-2024\/mazatlan-experiences-surge-in-visitors\/\" tabindex=\"-1\" ><div class=\"elementor-post__thumbnail\"><img loading=\"lazy\" decoding=\"async\" width=\"1280\" height=\"864\" src=\"https:\/\/www.visit-mexico.mx\/wp-content\/uploads\/2023\/02\/Sinaloa-Mazatlan-Cover-01.jpg\" class=\"attachment-2048x2048 size-2048x2048 wp-image-21345\" alt=\"Mazatl\u00e1n, Sinaloa\" srcset=\"https:\/\/www.visit-mexico.mx\/wp-content\/uploads\/2023\/02\/Sinaloa-Mazatlan-Cover-01.jpg 1280w, https:\/\/www.visit-mexico.mx\/wp-content\/uploads\/2023\/02\/Sinaloa-Mazatlan-Cover-01-300x203.jpg 300w, https:\/\/www.visit-mexico.mx\/wp-content\/uploads\/2023\/02\/Sinaloa-Mazatlan-Cover-01-1024x691.jpg 1024w, https:\/\/www.visit-mexico.mx\/wp-content\/uploads\/2023\/02\/Sinaloa-Mazatlan-Cover-01-768x518.jpg 768w, https:\/\/www.visit-mexico.mx\/wp-content\/uploads\/2023\/02\/Sinaloa-Mazatlan-Cover-01-18x12.jpg 18w\" sizes=\"(max-width: 1280px) 100vw, 1280px\" \/><\/div><\/a>\n\t\t\t\t<div class=\"elementor-post__badge\">Sinaloa<\/div>\n\t\t\t\t<div class=\"elementor-post__text\">\n\t\t\t\t<h3 class=\"elementor-post__title\">\n\t\t\t<a href=\"https:\/\/www.visit-mexico.mx\/es\/news\/june-2024\/mazatlan-experiences-surge-in-visitors\/\" >\n\t\t\t\tMazatl\u00e1n experimenta aumento de visitantes\t\t\t<\/a>\n\t\t<\/h3>\n\t\t\t\t<div class=\"elementor-post__excerpt\">\n\t\t\t<p>Ricardo \u201cPity\u201d Velarde C\u00e1rdenas, titular de la Secretar\u00eda de Turismo de Sinaloa, destac\u00f3 un notable aumento de visitantes a Mazatl\u00e1n durante el reciente fin de semana electoral. Seg\u00fan Velarde, la ciudad experiment\u00f3 un aumento significativo en los niveles de ocupaci\u00f3n, con turistas que acudieron en masa al destino para disfrutar de sus ofertas, a la vez que demostraron un sentido de responsabilidad hacia la participaci\u00f3n en el proceso democr\u00e1tico. <a class=\"kt-excerpt-readmore more-link\" href=\"https:\/\/www.visit-mexico.mx\/es\/news\/june-2024\/mazatlan-experiences-surge-in-visitors\/\">Leer m\u00e1s<\/a><\/p>\n\t\t<\/div>\n\t\t\n\t\t<a class=\"elementor-post__read-more\" href=\"https:\/\/www.visit-mexico.mx\/es\/news\/june-2024\/mazatlan-experiences-surge-in-visitors\/\" aria-label=\"M\u00e1s informaci\u00f3n sobre Experiencias Mazatl\u00e1n Aumentan Visitantes\" tabindex=\"-1\" >\n\t\t\tLeer m\u00e1s &quot;\t\t<\/a>\n\n\t\t\t\t<\/div>\n\t\t\t\t<div class=\"elementor-post__meta-data\">\n\t\t\t\t\t<span class=\"elementor-post-date\">\n\t\t\t6 de junio de 2024\t\t<\/span>\n\t\t\t\t<\/div>\n\t\t\t\t\t<\/div>\n\t\t<\/article>\n\t\t\t\t<article class=\"elementor-post elementor-grid-item post-29054 post type-post status-publish format-standard has-post-thumbnail hentry category-june-2024 tag-hidalgo\" role=\"listitem\">\n\t\t\t<div class=\"elementor-post__card\">\n\t\t\t\t<a class=\"elementor-post__thumbnail__link\" href=\"https:\/\/www.visit-mexico.mx\/es\/news\/june-2024\/us-production-house-boosts-mexican-film-in-hidalgo\/\" tabindex=\"-1\" ><div class=\"elementor-post__thumbnail\"><img loading=\"lazy\" decoding=\"async\" width=\"1920\" height=\"1280\" src=\"https:\/\/www.visit-mexico.mx\/wp-content\/uploads\/2020\/12\/Hidalgo-Cover-01.jpg\" class=\"attachment-2048x2048 size-2048x2048 wp-image-7286\" alt=\"Hidalgo\" srcset=\"https:\/\/www.visit-mexico.mx\/wp-content\/uploads\/2020\/12\/Hidalgo-Cover-01.jpg 1920w, https:\/\/www.visit-mexico.mx\/wp-content\/uploads\/2020\/12\/Hidalgo-Cover-01-300x200.jpg 300w, https:\/\/www.visit-mexico.mx\/wp-content\/uploads\/2020\/12\/Hidalgo-Cover-01-1024x683.jpg 1024w, https:\/\/www.visit-mexico.mx\/wp-content\/uploads\/2020\/12\/Hidalgo-Cover-01-768x512.jpg 768w, https:\/\/www.visit-mexico.mx\/wp-content\/uploads\/2020\/12\/Hidalgo-Cover-01-1536x1024.jpg 1536w, https:\/\/www.visit-mexico.mx\/wp-content\/uploads\/2020\/12\/Hidalgo-Cover-01-16x12.jpg 16w, https:\/\/www.visit-mexico.mx\/wp-content\/uploads\/2020\/12\/Hidalgo-Cover-01-720x480.jpg 720w\" sizes=\"(max-width: 1920px) 100vw, 1920px\" \/><\/div><\/a>\n\t\t\t\t<div class=\"elementor-post__badge\">Hidalgo<\/div>\n\t\t\t\t<div class=\"elementor-post__text\">\n\t\t\t\t<h3 class=\"elementor-post__title\">\n\t\t\t<a href=\"https:\/\/www.visit-mexico.mx\/es\/news\/june-2024\/us-production-house-boosts-mexican-film-in-hidalgo\/\" >\n\t\t\t\tProductora estadounidense impulsa cine mexicano en Hidalgo\t\t\t<\/a>\n\t\t<\/h3>\n\t\t\t\t<div class=\"elementor-post__excerpt\">\n\t\t\t<p>En un esfuerzo por impulsar la industria cinematogr\u00e1fica mexicana, la productora estadounidense Enfant &amp; Poulet se ha embarcado en un proyecto audiovisual que se extender\u00e1 por varios municipios del estado de Hidalgo.\u2026 <a class=\"kt-excerpt-readmore more-link\" href=\"https:\/\/www.visit-mexico.mx\/es\/news\/june-2024\/us-production-house-boosts-mexican-film-in-hidalgo\/\">Leer m\u00e1s<\/a><\/p>\n\t\t<\/div>\n\t\t\n\t\t<a class=\"elementor-post__read-more\" href=\"https:\/\/www.visit-mexico.mx\/es\/news\/june-2024\/us-production-house-boosts-mexican-film-in-hidalgo\/\" aria-label=\"M\u00e1s informaci\u00f3n sobre Productora estadounidense impulsa cine mexicano en Hidalgo\" tabindex=\"-1\" >\n\t\t\tLeer m\u00e1s &quot;\t\t<\/a>\n\n\t\t\t\t<\/div>\n\t\t\t\t<div class=\"elementor-post__meta-data\">\n\t\t\t\t\t<span class=\"elementor-post-date\">\n\t\t\t5 de junio de 2024\t\t<\/span>\n\t\t\t\t<\/div>\n\t\t\t\t\t<\/div>\n\t\t<\/article>\n\t\t\t\t<article class=\"elementor-post elementor-grid-item post-29048 post type-post status-publish format-standard has-post-thumbnail hentry category-june-2024 tag-colima\" role=\"listitem\">\n\t\t\t<div class=\"elementor-post__card\">\n\t\t\t\t<a class=\"elementor-post__thumbnail__link\" href=\"https:\/\/www.visit-mexico.mx\/es\/news\/june-2024\/discover-the-magic-of-manzanillos-agave-route\/\" tabindex=\"-1\" ><div class=\"elementor-post__thumbnail\"><img loading=\"lazy\" decoding=\"async\" width=\"1200\" height=\"630\" src=\"https:\/\/www.visit-mexico.mx\/wp-content\/uploads\/2021\/11\/Manzanillo-Cover-01.jpg\" class=\"attachment-2048x2048 size-2048x2048 wp-image-12497\" alt=\"Manzanillo, Colima\" srcset=\"https:\/\/www.visit-mexico.mx\/wp-content\/uploads\/2021\/11\/Manzanillo-Cover-01.jpg 1200w, https:\/\/www.visit-mexico.mx\/wp-content\/uploads\/2021\/11\/Manzanillo-Cover-01-300x158.jpg 300w, https:\/\/www.visit-mexico.mx\/wp-content\/uploads\/2021\/11\/Manzanillo-Cover-01-1024x538.jpg 1024w, https:\/\/www.visit-mexico.mx\/wp-content\/uploads\/2021\/11\/Manzanillo-Cover-01-768x403.jpg 768w, https:\/\/www.visit-mexico.mx\/wp-content\/uploads\/2021\/11\/Manzanillo-Cover-01-16x8.jpg 16w\" sizes=\"(max-width: 1200px) 100vw, 1200px\" \/><\/div><\/a>\n\t\t\t\t<div class=\"elementor-post__badge\">Colima<\/div>\n\t\t\t\t<div class=\"elementor-post__text\">\n\t\t\t\t<h3 class=\"elementor-post__title\">\n\t\t\t<a href=\"https:\/\/www.visit-mexico.mx\/es\/news\/june-2024\/discover-the-magic-of-manzanillos-agave-route\/\" >\n\t\t\t\tDescubre la magia de la Ruta del Agave de Manzanillo\t\t\t<\/a>\n\t\t<\/h3>\n\t\t\t\t<div class=\"elementor-post__excerpt\">\n\t\t\t<p>Manzanillo, una joya costera de Colima, tradicionalmente conocida por sus playas soleadas, diversifica su oferta tur\u00edstica con la Ruta del Agave. Esta innovadora incorporaci\u00f3n permite a los visitantes sumergirse en la rica historia, las tradiciones y los sabores que rodean al ic\u00f3nico agave mexicano. <a class=\"kt-excerpt-readmore more-link\" href=\"https:\/\/www.visit-mexico.mx\/es\/news\/june-2024\/discover-the-magic-of-manzanillos-agave-route\/\">Leer m\u00e1s<\/a><\/p>\n\t\t<\/div>\n\t\t\n\t\t<a class=\"elementor-post__read-more\" href=\"https:\/\/www.visit-mexico.mx\/es\/news\/june-2024\/discover-the-magic-of-manzanillos-agave-route\/\" aria-label=\"M\u00e1s informaci\u00f3n sobre Descubre la Magia de la Ruta del Agave de Manzanillo\" tabindex=\"-1\" >\n\t\t\tLeer m\u00e1s &quot;\t\t<\/a>\n\n\t\t\t\t<\/div>\n\t\t\t\t<div class=\"elementor-post__meta-data\">\n\t\t\t\t\t<span class=\"elementor-post-date\">\n\t\t\t4 de junio de 2024\t\t<\/span>\n\t\t\t\t<\/div>\n\t\t\t\t\t<\/div>\n\t\t<\/article>\n\t\t\t\t<article class=\"elementor-post elementor-grid-item post-29042 post type-post status-publish format-standard has-post-thumbnail hentry category-june-2024 tag-quintana-roo\" role=\"listitem\">\n\t\t\t<div class=\"elementor-post__card\">\n\t\t\t\t<a class=\"elementor-post__thumbnail__link\" href=\"https:\/\/www.visit-mexico.mx\/es\/news\/june-2024\/coral-reefs-vanishing-quintana-roo-beaches-at-risk\/\" tabindex=\"-1\" ><div class=\"elementor-post__thumbnail\"><img loading=\"lazy\" decoding=\"async\" width=\"1920\" height=\"1280\" src=\"https:\/\/www.visit-mexico.mx\/wp-content\/uploads\/2020\/12\/QuintanaRoo-Cover-03.jpg\" class=\"attachment-2048x2048 size-2048x2048 wp-image-6800\" alt=\"Quintana Roo\" srcset=\"https:\/\/www.visit-mexico.mx\/wp-content\/uploads\/2020\/12\/QuintanaRoo-Cover-03.jpg 1920w, https:\/\/www.visit-mexico.mx\/wp-content\/uploads\/2020\/12\/QuintanaRoo-Cover-03-300x200.jpg 300w, https:\/\/www.visit-mexico.mx\/wp-content\/uploads\/2020\/12\/QuintanaRoo-Cover-03-1024x683.jpg 1024w, https:\/\/www.visit-mexico.mx\/wp-content\/uploads\/2020\/12\/QuintanaRoo-Cover-03-768x512.jpg 768w, https:\/\/www.visit-mexico.mx\/wp-content\/uploads\/2020\/12\/QuintanaRoo-Cover-03-1536x1024.jpg 1536w, https:\/\/www.visit-mexico.mx\/wp-content\/uploads\/2020\/12\/QuintanaRoo-Cover-03-16x12.jpg 16w, https:\/\/www.visit-mexico.mx\/wp-content\/uploads\/2020\/12\/QuintanaRoo-Cover-03-720x480.jpg 720w, https:\/\/www.visit-mexico.mx\/wp-content\/uploads\/2020\/12\/QuintanaRoo-Cover-03-960x640.jpg 960w, https:\/\/www.visit-mexico.mx\/wp-content\/uploads\/2020\/12\/QuintanaRoo-Cover-03-480x320.jpg 480w, https:\/\/www.visit-mexico.mx\/wp-content\/uploads\/2020\/12\/QuintanaRoo-Cover-03-360x240.jpg 360w\" sizes=\"(max-width: 1920px) 100vw, 1920px\" \/><\/div><\/a>\n\t\t\t\t<div class=\"elementor-post__badge\">Quintana Roo<\/div>\n\t\t\t\t<div class=\"elementor-post__text\">\n\t\t\t\t<h3 class=\"elementor-post__title\">\n\t\t\t<a href=\"https:\/\/www.visit-mexico.mx\/es\/news\/june-2024\/coral-reefs-vanishing-quintana-roo-beaches-at-risk\/\" >\n\t\t\t\tDesaparici\u00f3n de arrecifes de coral: playas de Quintana Roo en riesgo\t\t\t<\/a>\n\t\t<\/h3>\n\t\t\t\t<div class=\"elementor-post__excerpt\">\n\t\t\t<p>La erosi\u00f3n de las playas de Quintana Roo es una amenaza inminente que podr\u00eda intensificarse a partir de 2030 debido a la p\u00e9rdida del Sistema Arrecifal Mesoamericano (SAM) como consecuencia del cambio clim\u00e1tico, advierten expertos.\u2026 <a class=\"kt-excerpt-readmore more-link\" href=\"https:\/\/www.visit-mexico.mx\/es\/news\/june-2024\/coral-reefs-vanishing-quintana-roo-beaches-at-risk\/\">Leer m\u00e1s<\/a><\/p>\n\t\t<\/div>\n\t\t\n\t\t<a class=\"elementor-post__read-more\" href=\"https:\/\/www.visit-mexico.mx\/es\/news\/june-2024\/coral-reefs-vanishing-quintana-roo-beaches-at-risk\/\" aria-label=\"M\u00e1s informaci\u00f3n sobre Desaparici\u00f3n de arrecifes de coral: Playas de Quintana Roo en riesgo\" tabindex=\"-1\" >\n\t\t\tLeer m\u00e1s &quot;\t\t<\/a>\n\n\t\t\t\t<\/div>\n\t\t\t\t<div class=\"elementor-post__meta-data\">\n\t\t\t\t\t<span class=\"elementor-post-date\">\n\t\t\t3 de junio de 2024\t\t<\/span>\n\t\t\t\t<\/div>\n\t\t\t\t\t<\/div>\n\t\t<\/article>\n\t\t\t\t<article class=\"elementor-post elementor-grid-item post-29030 post type-post status-publish format-standard has-post-thumbnail hentry category-june-2024 tag-mexico\" role=\"listitem\">\n\t\t\t<div class=\"elementor-post__card\">\n\t\t\t\t<a class=\"elementor-post__thumbnail__link\" href=\"https:\/\/www.visit-mexico.mx\/es\/news\/june-2024\/mexico-prepares-for-landmark-election-first-female-president-in-sight\/\" tabindex=\"-1\" ><div class=\"elementor-post__thumbnail\"><img loading=\"lazy\" decoding=\"async\" width=\"2048\" height=\"1365\" src=\"https:\/\/www.visit-mexico.mx\/wp-content\/uploads\/2024\/05\/GN98pdHW4AED2iu-2048x1365.jpeg\" class=\"attachment-2048x2048 size-2048x2048 wp-image-28905\" alt=\"Marea Rosa\" srcset=\"https:\/\/www.visit-mexico.mx\/wp-content\/uploads\/2024\/05\/GN98pdHW4AED2iu-2048x1365.jpeg 2048w, https:\/\/www.visit-mexico.mx\/wp-content\/uploads\/2024\/05\/GN98pdHW4AED2iu-300x200.jpeg 300w, https:\/\/www.visit-mexico.mx\/wp-content\/uploads\/2024\/05\/GN98pdHW4AED2iu-1024x683.jpeg 1024w, https:\/\/www.visit-mexico.mx\/wp-content\/uploads\/2024\/05\/GN98pdHW4AED2iu-768x512.jpeg 768w, https:\/\/www.visit-mexico.mx\/wp-content\/uploads\/2024\/05\/GN98pdHW4AED2iu-1536x1024.jpeg 1536w, https:\/\/www.visit-mexico.mx\/wp-content\/uploads\/2024\/05\/GN98pdHW4AED2iu-18x12.jpeg 18w, https:\/\/www.visit-mexico.mx\/wp-content\/uploads\/2024\/05\/GN98pdHW4AED2iu-720x480.jpeg 720w\" sizes=\"(max-width: 2048px) 100vw, 2048px\" \/><\/div><\/a>\n\t\t\t\t<div class=\"elementor-post__badge\">M\u00e9xico<\/div>\n\t\t\t\t<div class=\"elementor-post__text\">\n\t\t\t\t<h3 class=\"elementor-post__title\">\n\t\t\t<a href=\"https:\/\/www.visit-mexico.mx\/es\/news\/june-2024\/mexico-prepares-for-landmark-election-first-female-president-in-sight\/\" >\n\t\t\t\tM\u00e9xico se prepara para unas elecciones hist\u00f3ricas: la primera mujer presidenta a la vista\t\t\t<\/a>\n\t\t<\/h3>\n\t\t\t\t<div class=\"elementor-post__excerpt\">\n\t\t\t<p>Este domingo, aproximadamente 98 millones de mexicanos votar\u00e1n en unas elecciones hist\u00f3ricas que podr\u00edan dar paso a la primera presidenta del pa\u00eds. La elecci\u00f3n enfrenta a Claudia Sheinbaum, de la coalici\u00f3n gobernante, Sigamos Haciendo Historia, contra X\u00f3chitl G\u00e1lvez, de la alianza opositora, Fuerza y Coraz\u00f3n por M\u00e9xico, y a Jorge \u00c1lvarez M\u00e1ynez, de Movimiento Ciudadano, tambi\u00e9n en la contienda. <a class=\"kt-excerpt-readmore more-link\" href=\"https:\/\/www.visit-mexico.mx\/es\/news\/june-2024\/mexico-prepares-for-landmark-election-first-female-president-in-sight\/\">Leer m\u00e1s<\/a><\/p>\n\t\t<\/div>\n\t\t\n\t\t<a class=\"elementor-post__read-more\" href=\"https:\/\/www.visit-mexico.mx\/es\/news\/june-2024\/mexico-prepares-for-landmark-election-first-female-president-in-sight\/\" aria-label=\"M\u00e1s informaci\u00f3n sobre M\u00e9xico se prepara para elecciones hist\u00f3ricas: primera mujer presidenta a la vista\" tabindex=\"-1\" >\n\t\t\tLeer m\u00e1s &quot;\t\t<\/a>\n\n\t\t\t\t<\/div>\n\t\t\t\t<div class=\"elementor-post__meta-data\">\n\t\t\t\t\t<span class=\"elementor-post-date\">\n\t\t\t2 de junio de 2024\t\t<\/span>\n\t\t\t\t<\/div>\n\t\t\t\t\t<\/div>\n\t\t<\/article>\n\t\t\t\t<article class=\"elementor-post elementor-grid-item post-29024 post type-post status-publish format-standard has-post-thumbnail hentry category-june-2024 tag-yucatan\" role=\"listitem\">\n\t\t\t<div class=\"elementor-post__card\">\n\t\t\t\t<a class=\"elementor-post__thumbnail__link\" href=\"https:\/\/www.visit-mexico.mx\/es\/news\/june-2024\/new-air-routes-boost-tourism-in-merida\/\" tabindex=\"-1\" ><div class=\"elementor-post__thumbnail\"><img loading=\"lazy\" decoding=\"async\" width=\"1600\" height=\"1064\" src=\"https:\/\/www.visit-mexico.mx\/wp-content\/uploads\/2020\/12\/Yucatan-ChichenItza-Cover-02.jpg\" class=\"attachment-2048x2048 size-2048x2048 wp-image-7790\" alt=\"Chichen Itza\" srcset=\"https:\/\/www.visit-mexico.mx\/wp-content\/uploads\/2020\/12\/Yucatan-ChichenItza-Cover-02.jpg 1600w, https:\/\/www.visit-mexico.mx\/wp-content\/uploads\/2020\/12\/Yucatan-ChichenItza-Cover-02-300x200.jpg 300w, https:\/\/www.visit-mexico.mx\/wp-content\/uploads\/2020\/12\/Yucatan-ChichenItza-Cover-02-1024x681.jpg 1024w, https:\/\/www.visit-mexico.mx\/wp-content\/uploads\/2020\/12\/Yucatan-ChichenItza-Cover-02-768x511.jpg 768w, https:\/\/www.visit-mexico.mx\/wp-content\/uploads\/2020\/12\/Yucatan-ChichenItza-Cover-02-1536x1021.jpg 1536w, https:\/\/www.visit-mexico.mx\/wp-content\/uploads\/2020\/12\/Yucatan-ChichenItza-Cover-02-16x12.jpg 16w, https:\/\/www.visit-mexico.mx\/wp-content\/uploads\/2020\/12\/Yucatan-ChichenItza-Cover-02-720x480.jpg 720w\" sizes=\"(max-width: 1600px) 100vw, 1600px\" \/><\/div><\/a>\n\t\t\t\t<div class=\"elementor-post__badge\">Yucat\u00e1n<\/div>\n\t\t\t\t<div class=\"elementor-post__text\">\n\t\t\t\t<h3 class=\"elementor-post__title\">\n\t\t\t<a href=\"https:\/\/www.visit-mexico.mx\/es\/news\/june-2024\/new-air-routes-boost-tourism-in-merida\/\" >\n\t\t\t\tNuevas rutas a\u00e9reas impulsan el turismo en M\u00e9rida\t\t\t<\/a>\n\t\t<\/h3>\n\t\t\t\t<div class=\"elementor-post__excerpt\">\n\t\t\t<p>M\u00e9rida se propone impulsar su turismo internacional con la introducci\u00f3n de nuevas rutas a\u00e9reas. El Director de Desarrollo Econ\u00f3mico y Turismo de M\u00e9rida, Jos\u00e9 Luis Mart\u00ednez Semerena, anunci\u00f3 alianzas con aerol\u00edneas como Viva Aerobus para establecer vuelos directos entre M\u00e9rida y Bogot\u00e1, con escala en Canc\u00fan. <a class=\"kt-excerpt-readmore more-link\" href=\"https:\/\/www.visit-mexico.mx\/es\/news\/june-2024\/new-air-routes-boost-tourism-in-merida\/\">Leer m\u00e1s<\/a><\/p>\n\t\t<\/div>\n\t\t\n\t\t<a class=\"elementor-post__read-more\" href=\"https:\/\/www.visit-mexico.mx\/es\/news\/june-2024\/new-air-routes-boost-tourism-in-merida\/\" aria-label=\"M\u00e1s informaci\u00f3n sobre Nuevas rutas a\u00e9reas impulsan el turismo en M\u00e9rida\" tabindex=\"-1\" >\n\t\t\tLeer m\u00e1s &quot;\t\t<\/a>\n\n\t\t\t\t<\/div>\n\t\t\t\t<div class=\"elementor-post__meta-data\">\n\t\t\t\t\t<span class=\"elementor-post-date\">\n\t\t\t1 de junio de 2024\t\t<\/span>\n\t\t\t\t<\/div>\n\t\t\t\t\t<\/div>\n\t\t<\/article>\n\t\t\t\t<article class=\"elementor-post elementor-grid-item post-29006 post type-post status-publish format-standard has-post-thumbnail hentry category-may-2024 tag-jalisco\" role=\"listitem\">\n\t\t\t<div class=\"elementor-post__card\">\n\t\t\t\t<a class=\"elementor-post__thumbnail__link\" href=\"https:\/\/www.visit-mexico.mx\/es\/news\/may-2024\/puerto-vallarta-shines-among-worlds-best-free-attractions\/\" tabindex=\"-1\" ><div class=\"elementor-post__thumbnail\"><img loading=\"lazy\" decoding=\"async\" width=\"1920\" height=\"1080\" src=\"https:\/\/www.visit-mexico.mx\/wp-content\/uploads\/2019\/03\/Jalisco-Playas-Puerto-Vallarta-Cover-01.jpg\" class=\"attachment-2048x2048 size-2048x2048 wp-image-8116\" alt=\"Puerto Vallarta, Jalisco\" srcset=\"https:\/\/www.visit-mexico.mx\/wp-content\/uploads\/2019\/03\/Jalisco-Playas-Puerto-Vallarta-Cover-01.jpg 1920w, https:\/\/www.visit-mexico.mx\/wp-content\/uploads\/2019\/03\/Jalisco-Playas-Puerto-Vallarta-Cover-01-300x169.jpg 300w, https:\/\/www.visit-mexico.mx\/wp-content\/uploads\/2019\/03\/Jalisco-Playas-Puerto-Vallarta-Cover-01-1024x576.jpg 1024w, https:\/\/www.visit-mexico.mx\/wp-content\/uploads\/2019\/03\/Jalisco-Playas-Puerto-Vallarta-Cover-01-768x432.jpg 768w, https:\/\/www.visit-mexico.mx\/wp-content\/uploads\/2019\/03\/Jalisco-Playas-Puerto-Vallarta-Cover-01-1536x864.jpg 1536w, https:\/\/www.visit-mexico.mx\/wp-content\/uploads\/2019\/03\/Jalisco-Playas-Puerto-Vallarta-Cover-01-16x9.jpg 16w\" sizes=\"(max-width: 1920px) 100vw, 1920px\" \/><\/div><\/a>\n\t\t\t\t<div class=\"elementor-post__badge\">Jalisco<\/div>\n\t\t\t\t<div class=\"elementor-post__text\">\n\t\t\t\t<h3 class=\"elementor-post__title\">\n\t\t\t<a href=\"https:\/\/www.visit-mexico.mx\/es\/news\/may-2024\/puerto-vallarta-shines-among-worlds-best-free-attractions\/\" >\n\t\t\t\tPuerto Vallarta brilla entre las mejores atracciones gratuitas del mundo\t\t\t<\/a>\n\t\t<\/h3>\n\t\t\t\t<div class=\"elementor-post__excerpt\">\n\t\t\t<p>Puerto Vallarta, un popular destino tur\u00edstico mexicano, ha sido reconocido como uno de los 20 mejores lugares del mundo por sus destacadas atracciones gratuitas. El ranking, realizado por NeoMam Studios en nombre de CashNetUSA, ubica a Puerto Vallarta en el puesto 15 a nivel mundial, destacando su atractivo para los viajeros preocupados por su presupuesto.\u2026 <a class=\"kt-excerpt-readmore more-link\" href=\"https:\/\/www.visit-mexico.mx\/es\/news\/may-2024\/puerto-vallarta-shines-among-worlds-best-free-attractions\/\">Leer m\u00e1s<\/a><\/p>\n\t\t<\/div>\n\t\t\n\t\t<a class=\"elementor-post__read-more\" href=\"https:\/\/www.visit-mexico.mx\/es\/news\/may-2024\/puerto-vallarta-shines-among-worlds-best-free-attractions\/\" aria-label=\"M\u00e1s informaci\u00f3n sobre Puerto Vallarta brilla entre las mejores atracciones gratuitas del mundo\" tabindex=\"-1\" >\n\t\t\tLeer m\u00e1s &quot;\t\t<\/a>\n\n\t\t\t\t<\/div>\n\t\t\t\t<div class=\"elementor-post__meta-data\">\n\t\t\t\t\t<span class=\"elementor-post-date\">\n\t\t\t31 de mayo de 2024\t\t<\/span>\n\t\t\t\t<\/div>\n\t\t\t\t\t<\/div>\n\t\t<\/article>\n\t\t\t\t<article class=\"elementor-post elementor-grid-item post-29000 post type-post status-publish format-standard has-post-thumbnail hentry category-may-2024 tag-sinaloa\" role=\"listitem\">\n\t\t\t<div class=\"elementor-post__card\">\n\t\t\t\t<a class=\"elementor-post__thumbnail__link\" href=\"https:\/\/www.visit-mexico.mx\/es\/news\/may-2024\/mazatlan-welcomes-over-35000-cruise-ship-visitors-in-may\/\" tabindex=\"-1\" ><div class=\"elementor-post__thumbnail\"><img loading=\"lazy\" decoding=\"async\" width=\"1920\" height=\"1280\" src=\"https:\/\/www.visit-mexico.mx\/wp-content\/uploads\/2021\/01\/Sinaloa-Cover-01.jpg\" class=\"attachment-2048x2048 size-2048x2048 wp-image-9589\" alt=\"Sinaloa\" srcset=\"https:\/\/www.visit-mexico.mx\/wp-content\/uploads\/2021\/01\/Sinaloa-Cover-01.jpg 1920w, https:\/\/www.visit-mexico.mx\/wp-content\/uploads\/2021\/01\/Sinaloa-Cover-01-300x200.jpg 300w, https:\/\/www.visit-mexico.mx\/wp-content\/uploads\/2021\/01\/Sinaloa-Cover-01-1024x683.jpg 1024w, https:\/\/www.visit-mexico.mx\/wp-content\/uploads\/2021\/01\/Sinaloa-Cover-01-768x512.jpg 768w, https:\/\/www.visit-mexico.mx\/wp-content\/uploads\/2021\/01\/Sinaloa-Cover-01-1536x1024.jpg 1536w, https:\/\/www.visit-mexico.mx\/wp-content\/uploads\/2021\/01\/Sinaloa-Cover-01-16x12.jpg 16w, https:\/\/www.visit-mexico.mx\/wp-content\/uploads\/2021\/01\/Sinaloa-Cover-01-720x480.jpg 720w, https:\/\/www.visit-mexico.mx\/wp-content\/uploads\/2021\/01\/Sinaloa-Cover-01-1140x760.jpg 1140w, https:\/\/www.visit-mexico.mx\/wp-content\/uploads\/2021\/01\/Sinaloa-Cover-01-360x240.jpg 360w\" sizes=\"(max-width: 1920px) 100vw, 1920px\" \/><\/div><\/a>\n\t\t\t\t<div class=\"elementor-post__badge\">Sinaloa<\/div>\n\t\t\t\t<div class=\"elementor-post__text\">\n\t\t\t\t<h3 class=\"elementor-post__title\">\n\t\t\t<a href=\"https:\/\/www.visit-mexico.mx\/es\/news\/may-2024\/mazatlan-welcomes-over-35000-cruise-ship-visitors-in-may\/\" >\n\t\t\t\tMazatl\u00e1n recibe en mayo a m\u00e1s de 35,000 visitantes de cruceros\t\t\t<\/a>\n\t\t<\/h3>\n\t\t\t\t<div class=\"elementor-post__excerpt\">\n\t\t\t<p>Mazatl\u00e1n concluy\u00f3 el mes de mayo con una notable afluencia de m\u00e1s de 35,000 visitantes de cruceros, seg\u00fan la Secretar\u00eda de Turismo de Sinaloa. Este significativo aumento en el turismo se vio marcado por la llegada del crucero Carnival Panorama el mi\u00e9rcoles. <a class=\"kt-excerpt-readmore more-link\" href=\"https:\/\/www.visit-mexico.mx\/es\/news\/may-2024\/mazatlan-welcomes-over-35000-cruise-ship-visitors-in-may\/\">Leer m\u00e1s<\/a><\/p>\n\t\t<\/div>\n\t\t\n\t\t<a class=\"elementor-post__read-more\" href=\"https:\/\/www.visit-mexico.mx\/es\/news\/may-2024\/mazatlan-welcomes-over-35000-cruise-ship-visitors-in-may\/\" aria-label=\"M\u00e1s informaci\u00f3n sobre Mazatl\u00e1n recibe a m\u00e1s de 35,000 visitantes de cruceros en mayo\" tabindex=\"-1\" >\n\t\t\tLeer m\u00e1s &quot;\t\t<\/a>\n\n\t\t\t\t<\/div>\n\t\t\t\t<div class=\"elementor-post__meta-data\">\n\t\t\t\t\t<span class=\"elementor-post-date\">\n\t\t\t30 de mayo de 2024\t\t<\/span>\n\t\t\t\t<\/div>\n\t\t\t\t\t<\/div>\n\t\t<\/article>\n\t\t\t\t<article class=\"elementor-post elementor-grid-item post-28994 post type-post status-publish format-standard has-post-thumbnail hentry category-may-2024 tag-mexico\" role=\"listitem\">\n\t\t\t<div class=\"elementor-post__card\">\n\t\t\t\t<a class=\"elementor-post__thumbnail__link\" href=\"https:\/\/www.visit-mexico.mx\/es\/news\/may-2024\/mexico-attracts-469-2-million-in-fdi-for-tourism\/\" tabindex=\"-1\" ><div class=\"elementor-post__thumbnail\"><img loading=\"lazy\" decoding=\"async\" width=\"1920\" height=\"1280\" src=\"https:\/\/www.visit-mexico.mx\/wp-content\/uploads\/2021\/01\/Mexico-Cover-01-1.jpg\" class=\"attachment-2048x2048 size-2048x2048 wp-image-10779\" alt=\"Mexico\" srcset=\"https:\/\/www.visit-mexico.mx\/wp-content\/uploads\/2021\/01\/Mexico-Cover-01-1.jpg 1920w, https:\/\/www.visit-mexico.mx\/wp-content\/uploads\/2021\/01\/Mexico-Cover-01-1-300x200.jpg 300w, https:\/\/www.visit-mexico.mx\/wp-content\/uploads\/2021\/01\/Mexico-Cover-01-1-1024x683.jpg 1024w, https:\/\/www.visit-mexico.mx\/wp-content\/uploads\/2021\/01\/Mexico-Cover-01-1-768x512.jpg 768w, https:\/\/www.visit-mexico.mx\/wp-content\/uploads\/2021\/01\/Mexico-Cover-01-1-1536x1024.jpg 1536w, https:\/\/www.visit-mexico.mx\/wp-content\/uploads\/2021\/01\/Mexico-Cover-01-1-16x12.jpg 16w, https:\/\/www.visit-mexico.mx\/wp-content\/uploads\/2021\/01\/Mexico-Cover-01-1-720x480.jpg 720w\" sizes=\"(max-width: 1920px) 100vw, 1920px\" \/><\/div><\/a>\n\t\t\t\t<div class=\"elementor-post__badge\">M\u00e9xico<\/div>\n\t\t\t\t<div class=\"elementor-post__text\">\n\t\t\t\t<h3 class=\"elementor-post__title\">\n\t\t\t<a href=\"https:\/\/www.visit-mexico.mx\/es\/news\/may-2024\/mexico-attracts-469-2-million-in-fdi-for-tourism\/\" >\n\t\t\t\tM\u00e9xico atrae $469.2 millones de IED para turismo\t\t\t<\/a>\n\t\t<\/h3>\n\t\t\t\t<div class=\"elementor-post__excerpt\">\n\t\t\t<p>M\u00e9xico registra un crecimiento significativo en la Inversi\u00f3n Extranjera Directa (IED) en el sector tur\u00edstico, atrayendo $469.2 millones en el primer trimestre de 2024, un aumento notable respecto a los $378.3 millones del mismo periodo de 2019, seg\u00fan el Secretario de Turismo, Miguel Torruco Marqu\u00e9s.\u2026 <a class=\"kt-excerpt-readmore more-link\" href=\"https:\/\/www.visit-mexico.mx\/es\/news\/may-2024\/mexico-attracts-469-2-million-in-fdi-for-tourism\/\">Leer m\u00e1s<\/a><\/p>\n\t\t<\/div>\n\t\t\n\t\t<a class=\"elementor-post__read-more\" href=\"https:\/\/www.visit-mexico.mx\/es\/news\/may-2024\/mexico-attracts-469-2-million-in-fdi-for-tourism\/\" aria-label=\"M\u00e1s informaci\u00f3n sobre M\u00e9xico atrae $469.2 millones de IED para turismo\" tabindex=\"-1\" >\n\t\t\tLeer m\u00e1s &quot;\t\t<\/a>\n\n\t\t\t\t<\/div>\n\t\t\t\t<div class=\"elementor-post__meta-data\">\n\t\t\t\t\t<span class=\"elementor-post-date\">\n\t\t\t29 de mayo de 2024\t\t<\/span>\n\t\t\t\t<\/div>\n\t\t\t\t\t<\/div>\n\t\t<\/article>\n\t\t\t\t<article class=\"elementor-post elementor-grid-item post-28988 post type-post status-publish format-standard has-post-thumbnail hentry category-may-2024 tag-guanajuato\" role=\"listitem\">\n\t\t\t<div class=\"elementor-post__card\">\n\t\t\t\t<a class=\"elementor-post__thumbnail__link\" href=\"https:\/\/www.visit-mexico.mx\/es\/news\/may-2024\/discover-the-enchanting-marfil-in-guanajuato\/\" tabindex=\"-1\" ><div class=\"elementor-post__thumbnail\"><img loading=\"lazy\" decoding=\"async\" width=\"1920\" height=\"1280\" src=\"https:\/\/www.visit-mexico.mx\/wp-content\/uploads\/2020\/12\/Guanajuato-Cover-01.jpg\" class=\"attachment-2048x2048 size-2048x2048 wp-image-6532\" alt=\"Guanajuato\" srcset=\"https:\/\/www.visit-mexico.mx\/wp-content\/uploads\/2020\/12\/Guanajuato-Cover-01.jpg 1920w, https:\/\/www.visit-mexico.mx\/wp-content\/uploads\/2020\/12\/Guanajuato-Cover-01-300x200.jpg 300w, https:\/\/www.visit-mexico.mx\/wp-content\/uploads\/2020\/12\/Guanajuato-Cover-01-1024x683.jpg 1024w, https:\/\/www.visit-mexico.mx\/wp-content\/uploads\/2020\/12\/Guanajuato-Cover-01-768x512.jpg 768w, https:\/\/www.visit-mexico.mx\/wp-content\/uploads\/2020\/12\/Guanajuato-Cover-01-1536x1024.jpg 1536w, https:\/\/www.visit-mexico.mx\/wp-content\/uploads\/2020\/12\/Guanajuato-Cover-01-16x12.jpg 16w, https:\/\/www.visit-mexico.mx\/wp-content\/uploads\/2020\/12\/Guanajuato-Cover-01-720x480.jpg 720w, https:\/\/www.visit-mexico.mx\/wp-content\/uploads\/2020\/12\/Guanajuato-Cover-01-960x640.jpg 960w, https:\/\/www.visit-mexico.mx\/wp-content\/uploads\/2020\/12\/Guanajuato-Cover-01-480x320.jpg 480w, https:\/\/www.visit-mexico.mx\/wp-content\/uploads\/2020\/12\/Guanajuato-Cover-01-360x240.jpg 360w\" sizes=\"(max-width: 1920px) 100vw, 1920px\" \/><\/div><\/a>\n\t\t\t\t<div class=\"elementor-post__badge\">Guanajuato<\/div>\n\t\t\t\t<div class=\"elementor-post__text\">\n\t\t\t\t<h3 class=\"elementor-post__title\">\n\t\t\t<a href=\"https:\/\/www.visit-mexico.mx\/es\/news\/may-2024\/discover-the-enchanting-marfil-in-guanajuato\/\" >\n\t\t\t\tDescubre el Encantador Marfil en Guanajuato\t\t\t<\/a>\n\t\t<\/h3>\n\t\t\t\t<div class=\"elementor-post__excerpt\">\n\t\t\t<p>Marfil, una zona pintoresca y a menudo pasada por alto en Guanajuato, cuenta con un encanto \u00fanico que se remonta a los pintorescos pueblos italianos. Esta joya escondida, conocida como el Antiguo Camino a Marfil, es un lugar m\u00e1gico lleno de historia, naturaleza y encanto.\u2026 <a class=\"kt-excerpt-readmore more-link\" href=\"https:\/\/www.visit-mexico.mx\/es\/news\/may-2024\/discover-the-enchanting-marfil-in-guanajuato\/\">Leer m\u00e1s<\/a><\/p>\n\t\t<\/div>\n\t\t\n\t\t<a class=\"elementor-post__read-more\" href=\"https:\/\/www.visit-mexico.mx\/es\/news\/may-2024\/discover-the-enchanting-marfil-in-guanajuato\/\" aria-label=\"M\u00e1s informaci\u00f3n sobre Descubre el Encantador Marfil en Guanajuato\" tabindex=\"-1\" >\n\t\t\tLeer m\u00e1s &quot;\t\t<\/a>\n\n\t\t\t\t<\/div>\n\t\t\t\t<div class=\"elementor-post__meta-data\">\n\t\t\t\t\t<span class=\"elementor-post-date\">\n\t\t\t28 de mayo de 2024\t\t<\/span>\n\t\t\t\t<\/div>\n\t\t\t\t\t<\/div>\n\t\t<\/article>\n\t\t\t\t<article class=\"elementor-post elementor-grid-item post-28982 post type-post status-publish format-standard has-post-thumbnail hentry category-may-2024 tag-sinaloa\" role=\"listitem\">\n\t\t\t<div class=\"elementor-post__card\">\n\t\t\t\t<a class=\"elementor-post__thumbnail__link\" href=\"https:\/\/www.visit-mexico.mx\/es\/news\/may-2024\/culiacan-aims-to-boost-meeting-and-culinary-tourism\/\" tabindex=\"-1\" ><div class=\"elementor-post__thumbnail\"><img loading=\"lazy\" decoding=\"async\" width=\"1280\" height=\"864\" src=\"https:\/\/www.visit-mexico.mx\/wp-content\/uploads\/2023\/04\/Sinaloa-Gastronomy-Cover-01.jpg\" class=\"attachment-2048x2048 size-2048x2048 wp-image-24575\" alt=\"Gastronomy of Sinaloa\" srcset=\"https:\/\/www.visit-mexico.mx\/wp-content\/uploads\/2023\/04\/Sinaloa-Gastronomy-Cover-01.jpg 1280w, https:\/\/www.visit-mexico.mx\/wp-content\/uploads\/2023\/04\/Sinaloa-Gastronomy-Cover-01-300x203.jpg 300w, https:\/\/www.visit-mexico.mx\/wp-content\/uploads\/2023\/04\/Sinaloa-Gastronomy-Cover-01-1024x691.jpg 1024w, https:\/\/www.visit-mexico.mx\/wp-content\/uploads\/2023\/04\/Sinaloa-Gastronomy-Cover-01-768x518.jpg 768w, https:\/\/www.visit-mexico.mx\/wp-content\/uploads\/2023\/04\/Sinaloa-Gastronomy-Cover-01-18x12.jpg 18w\" sizes=\"(max-width: 1280px) 100vw, 1280px\" \/><\/div><\/a>\n\t\t\t\t<div class=\"elementor-post__badge\">Sinaloa<\/div>\n\t\t\t\t<div class=\"elementor-post__text\">\n\t\t\t\t<h3 class=\"elementor-post__title\">\n\t\t\t<a href=\"https:\/\/www.visit-mexico.mx\/es\/news\/may-2024\/culiacan-aims-to-boost-meeting-and-culinary-tourism\/\" >\n\t\t\t\tCuliac\u00e1n apunta a impulsar el turismo de reuniones y gastron\u00f3mico\t\t\t<\/a>\n\t\t<\/h3>\n\t\t\t\t<div class=\"elementor-post__excerpt\">\n\t\t\t<p>La Secretar\u00eda de Turismo del Estado se enfoca en convertir a Culiac\u00e1n en un destino l\u00edder en turismo de reuniones y gastron\u00f3mico, afirm\u00f3 Ricardo Velarde C\u00e1rdenas, titular interino de Turismo de Sinaloa.\u2026 <a class=\"kt-excerpt-readmore more-link\" href=\"https:\/\/www.visit-mexico.mx\/es\/news\/may-2024\/culiacan-aims-to-boost-meeting-and-culinary-tourism\/\">Leer m\u00e1s<\/a><\/p>\n\t\t<\/div>\n\t\t\n\t\t<a class=\"elementor-post__read-more\" href=\"https:\/\/www.visit-mexico.mx\/es\/news\/may-2024\/culiacan-aims-to-boost-meeting-and-culinary-tourism\/\" aria-label=\"M\u00e1s informaci\u00f3n sobre Culiac\u00e1n apunta a impulsar el turismo de reuniones y gastron\u00f3mico\" tabindex=\"-1\" >\n\t\t\tLeer m\u00e1s &quot;\t\t<\/a>\n\n\t\t\t\t<\/div>\n\t\t\t\t<div class=\"elementor-post__meta-data\">\n\t\t\t\t\t<span class=\"elementor-post-date\">\n\t\t\t27 de mayo de 2024\t\t<\/span>\n\t\t\t\t<\/div>\n\t\t\t\t\t<\/div>\n\t\t<\/article>\n\t\t\t\t<article class=\"elementor-post elementor-grid-item post-28970 post type-post status-publish format-standard has-post-thumbnail hentry category-may-2024 tag-durango\" role=\"listitem\">\n\t\t\t<div class=\"elementor-post__card\">\n\t\t\t\t<a class=\"elementor-post__thumbnail__link\" href=\"https:\/\/www.visit-mexico.mx\/es\/news\/may-2024\/national-durango-fair-2024-set-to-attract-over-a-million-visitors\/\" tabindex=\"-1\" ><div class=\"elementor-post__thumbnail\"><img loading=\"lazy\" decoding=\"async\" width=\"1920\" height=\"1280\" src=\"https:\/\/www.visit-mexico.mx\/wp-content\/uploads\/2021\/01\/Durango-Cover-01.jpg\" class=\"attachment-2048x2048 size-2048x2048 wp-image-9359\" alt=\"Durango\" srcset=\"https:\/\/www.visit-mexico.mx\/wp-content\/uploads\/2021\/01\/Durango-Cover-01.jpg 1920w, https:\/\/www.visit-mexico.mx\/wp-content\/uploads\/2021\/01\/Durango-Cover-01-300x200.jpg 300w, https:\/\/www.visit-mexico.mx\/wp-content\/uploads\/2021\/01\/Durango-Cover-01-1024x683.jpg 1024w, https:\/\/www.visit-mexico.mx\/wp-content\/uploads\/2021\/01\/Durango-Cover-01-768x512.jpg 768w, https:\/\/www.visit-mexico.mx\/wp-content\/uploads\/2021\/01\/Durango-Cover-01-1536x1024.jpg 1536w, https:\/\/www.visit-mexico.mx\/wp-content\/uploads\/2021\/01\/Durango-Cover-01-16x12.jpg 16w, https:\/\/www.visit-mexico.mx\/wp-content\/uploads\/2021\/01\/Durango-Cover-01-720x480.jpg 720w\" sizes=\"(max-width: 1920px) 100vw, 1920px\" \/><\/div><\/a>\n\t\t\t\t<div class=\"elementor-post__badge\">Durango<\/div>\n\t\t\t\t<div class=\"elementor-post__text\">\n\t\t\t\t<h3 class=\"elementor-post__title\">\n\t\t\t<a href=\"https:\/\/www.visit-mexico.mx\/es\/news\/may-2024\/national-durango-fair-2024-set-to-attract-over-a-million-visitors\/\" >\n\t\t\t\tFeria Nacional de Durango 2024 atraer\u00e1 a m\u00e1s de un mill\u00f3n de visitantes\t\t\t<\/a>\n\t\t<\/h3>\n\t\t\t\t<div class=\"elementor-post__excerpt\">\n\t\t\t<p>Se espera que la Feria Nacional de Durango 2024, denominada &quot;Francisco Villa&quot;, atraiga a m\u00e1s de un mill\u00f3n de asistentes, una proporci\u00f3n significativa de turistas que visitan el lugar durante la temporada vacacional, declar\u00f3 Elisa Mar\u00eda Haro Ruiz, Secretaria de Turismo de Durango. El evento busca impulsar el turismo y la actividad econ\u00f3mica en la regi\u00f3n. <a class=\"kt-excerpt-readmore more-link\" href=\"https:\/\/www.visit-mexico.mx\/es\/news\/may-2024\/national-durango-fair-2024-set-to-attract-over-a-million-visitors\/\">Leer m\u00e1s<\/a><\/p>\n\t\t<\/div>\n\t\t\n\t\t<a class=\"elementor-post__read-more\" href=\"https:\/\/www.visit-mexico.mx\/es\/news\/may-2024\/national-durango-fair-2024-set-to-attract-over-a-million-visitors\/\" aria-label=\"M\u00e1s informaci\u00f3n sobre Feria Nacional de Durango 2024 atraer\u00e1 a m\u00e1s de un mill\u00f3n de visitantes\" tabindex=\"-1\" >\n\t\t\tLeer m\u00e1s &quot;\t\t<\/a>\n\n\t\t\t\t<\/div>\n\t\t\t\t<div class=\"elementor-post__meta-data\">\n\t\t\t\t\t<span class=\"elementor-post-date\">\n\t\t\t26 de mayo de 2024\t\t<\/span>\n\t\t\t\t<\/div>\n\t\t\t\t\t<\/div>\n\t\t<\/article>\n\t\t\t\t<\/div>\n\t\t\n\t\t\t\t\t\t<\/div>\n\t\t\t\t<\/div>\n\t\t\t\t<div class=\"elementor-element elementor-element-4757ddea elementor-align-center elementor-widget elementor-widget-button\" data-id=\"4757ddea\" data-element_type=\"widget\" data-e-type=\"widget\" data-widget_type=\"button.default\">\n\t\t\t\t<div class=\"elementor-widget-container\">\n\t\t\t\t\t\t\t\t\t<div class=\"elementor-button-wrapper\">\n\t\t\t\t\t<a class=\"elementor-button elementor-button-link elementor-size-sm\" href=\"https:\/\/www.visit-mexico.mx\/es\/news\/\">\n\t\t\t\t\t\t<span class=\"elementor-button-content-wrapper\">\n\t\t\t\t\t\t\t\t\t<span class=\"elementor-button-text\">Volver a la p\u00e1gina de noticias<\/span>\n\t\t\t\t\t<\/span>\n\t\t\t\t\t<\/a>\n\t\t\t\t<\/div>\n\t\t\t\t\t\t\t\t<\/div>\n\t\t\t\t<\/div>\n\t\t\t\t<div class=\"elementor-element elementor-element-36b49eb7 elementor-widget elementor-widget-global elementor-global-8322 elementor-widget-html\" data-id=\"36b49eb7\" data-element_type=\"widget\" data-e-type=\"widget\" data-widget_type=\"html.default\">\n\t\t\t\t<div class=\"elementor-widget-container\">\n\t\t\t\t\t<script async src=\"https:\/\/pagead2.googlesyndication.com\/pagead\/js\/adsbygoogle.js?client=ca-pub-4872862374985876\"\n     crossorigin=\"anonymous\"><\/script>\n<!-- GoogleAd-01 -->\n<ins class=\"adsbygoogle\"\n     style=\"display:block\"\n     data-ad-client=\"ca-pub-4872862374985876\"\n     data-ad-slot=\"9156834948\"\n     data-ad-format=\"auto\"\n     data-full-width-responsive=\"true\"><\/ins>\n<script>\n     (adsbygoogle = window.adsbygoogle || []).push({});\n<\/script>\t\t\t\t<\/div>\n\t\t\t\t<\/div>\n\t\t\t\t<div class=\"elementor-element elementor-element-887ced3 elementor-widget elementor-widget-global elementor-global-25770 elementor-widget-image\" data-id=\"887ced3\" data-element_type=\"widget\" data-e-type=\"widget\" data-widget_type=\"image.default\">\n\t\t\t\t<div class=\"elementor-widget-container\">\n\t\t\t\t\t\t\t\t\t\t\t\t\t\t\t<img decoding=\"async\" width=\"280\" height=\"3\" src=\"https:\/\/www.visit-mexico.mx\/wp-content\/uploads\/2020\/08\/separator1.png\" class=\"attachment-large size-large wp-image-297\" alt=\"Visit Mexico\" srcset=\"https:\/\/www.visit-mexico.mx\/wp-content\/uploads\/2020\/08\/separator1.png 280w, https:\/\/www.visit-mexico.mx\/wp-content\/uploads\/2020\/08\/separator1-150x3.png 150w\" sizes=\"(max-width: 280px) 100vw, 280px\" \/>\t\t\t\t\t\t\t\t\t\t\t\t\t\t\t<\/div>\n\t\t\t\t<\/div>\n\t\t\t\t<div class=\"elementor-element elementor-element-6e1fe838 elementor-widget elementor-widget-heading\" data-id=\"6e1fe838\" data-element_type=\"widget\" data-e-type=\"widget\" data-widget_type=\"heading.default\">\n\t\t\t\t<div class=\"elementor-widget-container\">\n\t\t\t\t\t<h2 class=\"elementor-heading-title elementor-size-default\">Atracciones tur\u00edsticas en M\u00e9xico<\/h2>\t\t\t\t<\/div>\n\t\t\t\t<\/div>\n\t\t\t\t<div class=\"elementor-element elementor-element-48257a4b elementor-grid-4 mx-post-all elementor-grid-tablet-2 elementor-grid-mobile-1 elementor-posts--thumbnail-top elementor-card-shadow-yes elementor-posts__hover-gradient elementor-widget elementor-widget-global elementor-global-5773 elementor-widget-posts\" data-id=\"48257a4b\" data-element_type=\"widget\" data-e-type=\"widget\" data-settings=\"{&quot;cards_columns&quot;:&quot;4&quot;,&quot;cards_columns_tablet&quot;:&quot;2&quot;,&quot;cards_columns_mobile&quot;:&quot;1&quot;,&quot;cards_row_gap&quot;:{&quot;unit&quot;:&quot;px&quot;,&quot;size&quot;:35,&quot;sizes&quot;:[]},&quot;cards_row_gap_tablet&quot;:{&quot;unit&quot;:&quot;px&quot;,&quot;size&quot;:&quot;&quot;,&quot;sizes&quot;:[]},&quot;cards_row_gap_mobile&quot;:{&quot;unit&quot;:&quot;px&quot;,&quot;size&quot;:&quot;&quot;,&quot;sizes&quot;:[]}}\" data-widget_type=\"posts.cards\">\n\t\t\t\t<div class=\"elementor-widget-container\">\n\t\t\t\t\t\t\t<div class=\"elementor-posts-container elementor-posts elementor-posts--skin-cards elementor-grid\" role=\"list\">\n\t\t\t\t<article class=\"elementor-post elementor-grid-item post-5656 page type-page status-publish has-post-thumbnail hentry\" role=\"listitem\">\n\t\t\t<div class=\"elementor-post__card\">\n\t\t\t\t<a class=\"elementor-post__thumbnail__link\" href=\"https:\/\/www.visit-mexico.mx\/es\/mexico-capital-cities\/\" tabindex=\"-1\" ><div class=\"elementor-post__thumbnail\"><img loading=\"lazy\" decoding=\"async\" width=\"600\" height=\"600\" src=\"https:\/\/www.visit-mexico.mx\/wp-content\/uploads\/2020\/12\/Mexico-Cover-11-600x600.jpg\" class=\"attachment-ascend-600x600 size-ascend-600x600 wp-image-5659\" alt=\"Capital Cities of Mexico\" srcset=\"https:\/\/www.visit-mexico.mx\/wp-content\/uploads\/2020\/12\/Mexico-Cover-11-600x600.jpg 600w, https:\/\/www.visit-mexico.mx\/wp-content\/uploads\/2020\/12\/Mexico-Cover-11-150x150.jpg 150w\" sizes=\"(max-width: 600px) 100vw, 600px\" \/><\/div><\/a>\n\t\t\t\t<div class=\"elementor-post__text\">\n\t\t\t\t<h3 class=\"elementor-post__title\">\n\t\t\t<a href=\"https:\/\/www.visit-mexico.mx\/es\/mexico-capital-cities\/\" >\n\t\t\t\tCiudades capitales\t\t\t<\/a>\n\t\t<\/h3>\n\t\t\t\t<div class=\"elementor-post__excerpt\">\n\t\t\t<p>Folclore, gastronom\u00eda, cultura literaria, arte y exposiciones: eso es lo que encontrar\u00e1 en las capitales de los estados de M\u00e9xico. Al norte, el M\u00e9xico colonial, Puebla, Guadalajara, Guanajuato, el desierto de Sonora y la pen\u00ednsula de California. Al este, Veracruz y el Golfo. Al oeste, Acapulco, Oaxaca y Tuxtla Guti\u00e9rrez. Y al sur, la Riviera Maya y las pir\u00e1mides de Chich\u00e9n-Itz\u00e1, Tul\u00fam y Cob\u00e1 en Yucat\u00e1n, Palenque en Chiapas, los cenotes y las selvas centroamericanas. <a class=\"kt-excerpt-readmore more-link\" href=\"https:\/\/www.visit-mexico.mx\/es\/mexico-capital-cities\/\">Leer m\u00e1s<\/a><\/p>\n\t\t<\/div>\n\t\t\n\t\t<a class=\"elementor-post__read-more\" href=\"https:\/\/www.visit-mexico.mx\/es\/mexico-capital-cities\/\" aria-label=\"M\u00e1s informaci\u00f3n sobre Ciudades Capitales\" tabindex=\"-1\" >\n\t\t\tLeer m\u00e1s &quot;\t\t<\/a>\n\n\t\t\t\t<\/div>\n\t\t\t\t\t<\/div>\n\t\t<\/article>\n\t\t\t\t<article class=\"elementor-post elementor-grid-item post-2 page type-page status-publish has-post-thumbnail hentry\" role=\"listitem\">\n\t\t\t<div class=\"elementor-post__card\">\n\t\t\t\t<a class=\"elementor-post__thumbnail__link\" href=\"https:\/\/www.visit-mexico.mx\/es\/states-of-mexico\/\" tabindex=\"-1\" ><div class=\"elementor-post__thumbnail\"><img loading=\"lazy\" decoding=\"async\" width=\"600\" height=\"600\" src=\"https:\/\/www.visit-mexico.mx\/wp-content\/uploads\/2020\/11\/Mexico-Cover-01-1-600x600.jpg\" class=\"attachment-ascend-600x600 size-ascend-600x600 wp-image-4951\" alt=\"States Of Mexico\" srcset=\"https:\/\/www.visit-mexico.mx\/wp-content\/uploads\/2020\/11\/Mexico-Cover-01-1-600x600.jpg 600w, https:\/\/www.visit-mexico.mx\/wp-content\/uploads\/2020\/11\/Mexico-Cover-01-1-150x150.jpg 150w\" sizes=\"(max-width: 600px) 100vw, 600px\" \/><\/div><\/a>\n\t\t\t\t<div class=\"elementor-post__text\">\n\t\t\t\t<h3 class=\"elementor-post__title\">\n\t\t\t<a href=\"https:\/\/www.visit-mexico.mx\/es\/states-of-mexico\/\" >\n\t\t\t\tEstados de mexico\t\t\t<\/a>\n\t\t<\/h3>\n\t\t\t\t<div class=\"elementor-post__excerpt\">\n\t\t\t<p>M\u00e9xico posee una incre\u00edble diversidad de paisajes, donde destaca la belleza de sus playas, reconocidas internacionalmente. En su vasto territorio de costas, se encuentran playas de inigualable belleza y coloridos paisajes. Una amplia red de hoteles y servicios tur\u00edsticos de primer nivel est\u00e1 a disposici\u00f3n de los visitantes de estas playas. M\u00e9xico tambi\u00e9n es un lugar m\u00edstico, salpicado de testimonios arqueol\u00f3gicos heredados de sus habitantes originales. Los monumentos hechos por los mayas, aztecas y toltecas se ubican en paisajes m\u00e1gicos, como faros en un oc\u00e9ano de belleza natural. Ofrecen a los visitantes edificios que cuentan su historia y museos que recogen su patrimonio cultural. Y que mantienen vivas tradiciones ancestrales, en ceremonias y festivales, donde se puede disfrutar de actividades culturales y de entretenimiento.\u2026 <a class=\"kt-excerpt-readmore more-link\" href=\"https:\/\/www.visit-mexico.mx\/es\/states-of-mexico\/\">Leer m\u00e1s<\/a><\/p>\n\t\t<\/div>\n\t\t\n\t\t<a class=\"elementor-post__read-more\" href=\"https:\/\/www.visit-mexico.mx\/es\/states-of-mexico\/\" aria-label=\"M\u00e1s informaci\u00f3n sobre Estados De M\u00e9xico\" tabindex=\"-1\" >\n\t\t\tLeer m\u00e1s &quot;\t\t<\/a>\n\n\t\t\t\t<\/div>\n\t\t\t\t\t<\/div>\n\t\t<\/article>\n\t\t\t\t<article class=\"elementor-post elementor-grid-item post-1983 page type-page status-publish has-post-thumbnail hentry\" role=\"listitem\">\n\t\t\t<div class=\"elementor-post__card\">\n\t\t\t\t<a class=\"elementor-post__thumbnail__link\" href=\"https:\/\/www.visit-mexico.mx\/es\/ecotourism-in-mexico\/\" tabindex=\"-1\" ><div class=\"elementor-post__thumbnail\"><img loading=\"lazy\" decoding=\"async\" width=\"600\" height=\"600\" src=\"https:\/\/www.visit-mexico.mx\/wp-content\/uploads\/2020\/11\/Chiapas-Ecotourism-Cover-02-600x600.jpg\" class=\"attachment-ascend-600x600 size-ascend-600x600 wp-image-5158\" alt=\"Ecotourism in Mexico\" srcset=\"https:\/\/www.visit-mexico.mx\/wp-content\/uploads\/2020\/11\/Chiapas-Ecotourism-Cover-02-600x600.jpg 600w, https:\/\/www.visit-mexico.mx\/wp-content\/uploads\/2020\/11\/Chiapas-Ecotourism-Cover-02-150x150.jpg 150w\" sizes=\"(max-width: 600px) 100vw, 600px\" \/><\/div><\/a>\n\t\t\t\t<div class=\"elementor-post__text\">\n\t\t\t\t<h3 class=\"elementor-post__title\">\n\t\t\t<a href=\"https:\/\/www.visit-mexico.mx\/es\/ecotourism-in-mexico\/\" >\n\t\t\t\tEcoturismo y Aventura\t\t\t<\/a>\n\t\t<\/h3>\n\t\t\t\t<div class=\"elementor-post__excerpt\">\n\t\t\t<p>M\u00e9xico es uno de los mejores pa\u00edses para el ecoturismo, ya que cuenta con una gran variedad de flora y fauna, as\u00ed como numerosos refugios para especies extraordinarias. Podr\u00e1 disfrutar de actividades recreativas que le permitir\u00e1n apreciar y conocer la naturaleza a trav\u00e9s del contacto con ella, como la observaci\u00f3n de estrellas, atracciones naturales, fauna silvestre y aves. En todo M\u00e9xico existen m\u00e1s de 176 \u00e1reas naturales protegidas, cinco de ellas consideradas por la UNESCO como Patrimonio Natural de la Humanidad. Solo por esto y mucho m\u00e1s, creemos que M\u00e9xico es un para\u00edso para el ecoturismo. <a class=\"kt-excerpt-readmore more-link\" href=\"https:\/\/www.visit-mexico.mx\/es\/ecotourism-in-mexico\/\">Leer m\u00e1s<\/a><\/p>\n\t\t<\/div>\n\t\t\n\t\t<a class=\"elementor-post__read-more\" href=\"https:\/\/www.visit-mexico.mx\/es\/ecotourism-in-mexico\/\" aria-label=\"M\u00e1s informaci\u00f3n sobre Ecoturismo y Aventura\" tabindex=\"-1\" >\n\t\t\tLeer m\u00e1s &quot;\t\t<\/a>\n\n\t\t\t\t<\/div>\n\t\t\t\t\t<\/div>\n\t\t<\/article>\n\t\t\t\t<article class=\"elementor-post elementor-grid-item post-1954 page type-page status-publish has-post-thumbnail hentry\" role=\"listitem\">\n\t\t\t<div class=\"elementor-post__card\">\n\t\t\t\t<a class=\"elementor-post__thumbnail__link\" href=\"https:\/\/www.visit-mexico.mx\/es\/archaeological-sites-in-mexico\/\" tabindex=\"-1\" ><div class=\"elementor-post__thumbnail\"><img loading=\"lazy\" decoding=\"async\" width=\"600\" height=\"600\" src=\"https:\/\/www.visit-mexico.mx\/wp-content\/uploads\/2020\/12\/Mexico-Archaeology-Front-02-600x600.jpg\" class=\"attachment-ascend-600x600 size-ascend-600x600 wp-image-7468\" alt=\"Archaeological Sites\" srcset=\"https:\/\/www.visit-mexico.mx\/wp-content\/uploads\/2020\/12\/Mexico-Archaeology-Front-02-600x600.jpg 600w, https:\/\/www.visit-mexico.mx\/wp-content\/uploads\/2020\/12\/Mexico-Archaeology-Front-02-150x150.jpg 150w\" sizes=\"(max-width: 600px) 100vw, 600px\" \/><\/div><\/a>\n\t\t\t\t<div class=\"elementor-post__text\">\n\t\t\t\t<h3 class=\"elementor-post__title\">\n\t\t\t<a href=\"https:\/\/www.visit-mexico.mx\/es\/archaeological-sites-in-mexico\/\" >\n\t\t\t\tSitios arqueol\u00f3gicos\t\t\t<\/a>\n\t\t<\/h3>\n\t\t\t\t<div class=\"elementor-post__excerpt\">\n\t\t\t<p>Las Zonas Arqueol\u00f3gicas son el pasado cultural de cada mexicano. Te sorprender\u00e1 el ambiente, la naturaleza y el entorno que las rodea. Subir a la cima o recorrerla nos transportar\u00e1 a un pasado remoto para admirar cada detalle. M\u00e9xico es un pa\u00eds de cultura y tradiciones, muchas de las cuales hemos heredado de los habitantes prehisp\u00e1nicos de este vasto territorio. Si bien es cierto que hubo m\u00e1s asentamientos en el centro y sur del pa\u00eds, tambi\u00e9n es posible encontrar algunos vestigios arqueol\u00f3gicos en el norte.<br \/>\n... <a class=\"kt-excerpt-readmore more-link\" href=\"https:\/\/www.visit-mexico.mx\/es\/archaeological-sites-in-mexico\/\">Leer m\u00e1s<\/a><\/p>\n\t\t<\/div>\n\t\t\n\t\t<a class=\"elementor-post__read-more\" href=\"https:\/\/www.visit-mexico.mx\/es\/archaeological-sites-in-mexico\/\" aria-label=\"M\u00e1s informaci\u00f3n sobre Sitios Arqueol\u00f3gicos\" tabindex=\"-1\" >\n\t\t\tLeer m\u00e1s &quot;\t\t<\/a>\n\n\t\t\t\t<\/div>\n\t\t\t\t\t<\/div>\n\t\t<\/article>\n\t\t\t\t<article class=\"elementor-post elementor-grid-item post-1923 page type-page status-publish has-post-thumbnail hentry\" role=\"listitem\">\n\t\t\t<div class=\"elementor-post__card\">\n\t\t\t\t<a class=\"elementor-post__thumbnail__link\" href=\"https:\/\/www.visit-mexico.mx\/es\/beaches-in-mexico\/\" tabindex=\"-1\" ><div class=\"elementor-post__thumbnail\"><img loading=\"lazy\" decoding=\"async\" width=\"600\" height=\"600\" src=\"https:\/\/www.visit-mexico.mx\/wp-content\/uploads\/2020\/12\/Mexico-Cover-13-600x600.jpg\" class=\"attachment-ascend-600x600 size-ascend-600x600 wp-image-7464\" alt=\"Beaches in Mexico\" srcset=\"https:\/\/www.visit-mexico.mx\/wp-content\/uploads\/2020\/12\/Mexico-Cover-13-600x600.jpg 600w, https:\/\/www.visit-mexico.mx\/wp-content\/uploads\/2020\/12\/Mexico-Cover-13-150x150.jpg 150w\" sizes=\"(max-width: 600px) 100vw, 600px\" \/><\/div><\/a>\n\t\t\t\t<div class=\"elementor-post__text\">\n\t\t\t\t<h3 class=\"elementor-post__title\">\n\t\t\t<a href=\"https:\/\/www.visit-mexico.mx\/es\/beaches-in-mexico\/\" >\n\t\t\t\tPlayas\t\t\t<\/a>\n\t\t<\/h3>\n\t\t\t\t<div class=\"elementor-post__excerpt\">\n\t\t\t<p>En las Playas de M\u00e9xico puedes sumergirte en el oc\u00e9ano azul intenso de las bah\u00edas del Pac\u00edfico, tomar el sol en la orilla de las c\u00e1lidas y transparentes olas del Mar Caribe en Quintana Roo o incluso descansar en las hermosas costas del Golfo de M\u00e9xico. Las playas mexicanas esconden maravillosos secretos para el viajero. Al visitarlos, adem\u00e1s de disfrutar del excelente clima y las actividades acu\u00e1ticas, puedes descubrir espl\u00e9ndidos sitios arqueol\u00f3gicos e interesantes ciudades coloniales sin viajar largas distancias.\u2026 <a class=\"kt-excerpt-readmore more-link\" href=\"https:\/\/www.visit-mexico.mx\/es\/beaches-in-mexico\/\">Leer m\u00e1s<\/a><\/p>\n\t\t<\/div>\n\t\t\n\t\t<a class=\"elementor-post__read-more\" href=\"https:\/\/www.visit-mexico.mx\/es\/beaches-in-mexico\/\" aria-label=\"M\u00e1s informaci\u00f3n sobre Playas\" tabindex=\"-1\" >\n\t\t\tLeer m\u00e1s &quot;\t\t<\/a>\n\n\t\t\t\t<\/div>\n\t\t\t\t\t<\/div>\n\t\t<\/article>\n\t\t\t\t<article class=\"elementor-post elementor-grid-item post-5674 page type-page status-publish has-post-thumbnail hentry\" role=\"listitem\">\n\t\t\t<div class=\"elementor-post__card\">\n\t\t\t\t<a class=\"elementor-post__thumbnail__link\" href=\"https:\/\/www.visit-mexico.mx\/es\/magical-towns-in-mexico\/\" tabindex=\"-1\" ><div class=\"elementor-post__thumbnail\"><img loading=\"lazy\" decoding=\"async\" width=\"600\" height=\"600\" src=\"https:\/\/www.visit-mexico.mx\/wp-content\/uploads\/2020\/12\/Mexico-Cover-12-600x600.jpg\" class=\"attachment-ascend-600x600 size-ascend-600x600 wp-image-5676\" alt=\"Magical Towns in Mexico\" srcset=\"https:\/\/www.visit-mexico.mx\/wp-content\/uploads\/2020\/12\/Mexico-Cover-12-600x600.jpg 600w, https:\/\/www.visit-mexico.mx\/wp-content\/uploads\/2020\/12\/Mexico-Cover-12-150x150.jpg 150w\" sizes=\"(max-width: 600px) 100vw, 600px\" \/><\/div><\/a>\n\t\t\t\t<div class=\"elementor-post__text\">\n\t\t\t\t<h3 class=\"elementor-post__title\">\n\t\t\t<a href=\"https:\/\/www.visit-mexico.mx\/es\/magical-towns-in-mexico\/\" >\n\t\t\t\tPueblos M\u00e1gicos\t\t\t<\/a>\n\t\t<\/h3>\n\t\t\t\t<div class=\"elementor-post__excerpt\">\n\t\t\t<p>Un Pueblo M\u00e1gico es un lugar con s\u00edmbolos y leyendas, pueblos con historia que en muchos casos han sido escenario de hechos trascendentes para nuestro pa\u00eds, son lugares que muestran la identidad nacional en cada uno de sus rincones, con una magia que emana de sus atracciones; visitarlos es una oportunidad para descubrir el encanto de M\u00e9xico. El Programa Pueblos M\u00e1gicos contribuye a revalorizar un conjunto de poblaciones del pa\u00eds que siempre han estado en el imaginario colectivo de la naci\u00f3n y que representan alternativas frescas y variadas para los visitantes nacionales y extranjeros. Un pueblo que a trav\u00e9s del tiempo y de cara a la modernidad, ha conservado, valorado y defendido su patrimonio hist\u00f3rico, cultural y natural; y lo manifiesta en diversas expresiones a trav\u00e9s de su patrimonio material e inmaterial. Un Pueblo M\u00e1gico es un pueblo que tiene atributos \u00fanicos, simb\u00f3licos, historias aut\u00e9nticas, hechos trascendentes, vida cotidiana, lo que significa una gran oportunidad para el aprovechamiento tur\u00edstico, teniendo en cuenta las motivaciones y necesidades de los viajeros.\u2026 <a class=\"kt-excerpt-readmore more-link\" href=\"https:\/\/www.visit-mexico.mx\/es\/magical-towns-in-mexico\/\">Leer m\u00e1s<\/a><\/p>\n\t\t<\/div>\n\t\t\n\t\t<a class=\"elementor-post__read-more\" href=\"https:\/\/www.visit-mexico.mx\/es\/magical-towns-in-mexico\/\" aria-label=\"M\u00e1s informaci\u00f3n sobre Pueblos M\u00e1gicos\" tabindex=\"-1\" >\n\t\t\tLeer m\u00e1s &quot;\t\t<\/a>\n\n\t\t\t\t<\/div>\n\t\t\t\t\t<\/div>\n\t\t<\/article>\n\t\t\t\t<article class=\"elementor-post elementor-grid-item post-2191 page type-page status-publish has-post-thumbnail hentry\" role=\"listitem\">\n\t\t\t<div class=\"elementor-post__card\">\n\t\t\t\t<a class=\"elementor-post__thumbnail__link\" href=\"https:\/\/www.visit-mexico.mx\/es\/gastronomy-of-mexico\/\" tabindex=\"-1\" ><div class=\"elementor-post__thumbnail\"><img loading=\"lazy\" decoding=\"async\" width=\"600\" height=\"600\" src=\"https:\/\/www.visit-mexico.mx\/wp-content\/uploads\/2020\/11\/Puebla-Gastronomy-Cover-01-600x600.jpg\" class=\"attachment-ascend-600x600 size-ascend-600x600 wp-image-5026\" alt=\"Gastronomy of Puebla\" srcset=\"https:\/\/www.visit-mexico.mx\/wp-content\/uploads\/2020\/11\/Puebla-Gastronomy-Cover-01-600x600.jpg 600w, https:\/\/www.visit-mexico.mx\/wp-content\/uploads\/2020\/11\/Puebla-Gastronomy-Cover-01-150x150.jpg 150w\" sizes=\"(max-width: 600px) 100vw, 600px\" \/><\/div><\/a>\n\t\t\t\t<div class=\"elementor-post__text\">\n\t\t\t\t<h3 class=\"elementor-post__title\">\n\t\t\t<a href=\"https:\/\/www.visit-mexico.mx\/es\/gastronomy-of-mexico\/\" >\n\t\t\t\tGastronom\u00eda\t\t\t<\/a>\n\t\t<\/h3>\n\t\t\t\t<div class=\"elementor-post__excerpt\">\n\t\t\t<p>La Gastronom\u00eda de M\u00e9xico tiene una gran diversidad de platos t\u00edpicos, raz\u00f3n por la cual fue reconocida por la UNESCO como Patrimonio Inmaterial de la Humanidad. Los ingredientes b\u00e1sicos y representativos de los platos mexicanos son: ma\u00edz, cilantro, aj\u00ed, frijoles, piloncillo, nopal y tomate. La cocina mexicana tambi\u00e9n se caracteriza por sus salsas, que sirven de acompa\u00f1amiento a platos tradicionales, elaborados a base de especias.\u2026 <a class=\"kt-excerpt-readmore more-link\" href=\"https:\/\/www.visit-mexico.mx\/es\/gastronomy-of-mexico\/\">Leer m\u00e1s<\/a><\/p>\n\t\t<\/div>\n\t\t\n\t\t<a class=\"elementor-post__read-more\" href=\"https:\/\/www.visit-mexico.mx\/es\/gastronomy-of-mexico\/\" aria-label=\"M\u00e1s informaci\u00f3n sobre Gastronom\u00eda\" tabindex=\"-1\" >\n\t\t\tLeer m\u00e1s &quot;\t\t<\/a>\n\n\t\t\t\t<\/div>\n\t\t\t\t\t<\/div>\n\t\t<\/article>\n\t\t\t\t<article class=\"elementor-post elementor-grid-item post-5684 page type-page status-publish has-post-thumbnail hentry\" role=\"listitem\">\n\t\t\t<div class=\"elementor-post__card\">\n\t\t\t\t<a class=\"elementor-post__thumbnail__link\" href=\"https:\/\/www.visit-mexico.mx\/es\/traditions-in-mexico\/\" tabindex=\"-1\" ><div class=\"elementor-post__thumbnail\"><img loading=\"lazy\" decoding=\"async\" width=\"600\" height=\"600\" src=\"https:\/\/www.visit-mexico.mx\/wp-content\/uploads\/2020\/12\/Oaxaca-Artesanias-Cover-01-600x600.jpg\" class=\"attachment-ascend-600x600 size-ascend-600x600 wp-image-5706\" alt=\"Interesting Sites and Activities\" srcset=\"https:\/\/www.visit-mexico.mx\/wp-content\/uploads\/2020\/12\/Oaxaca-Artesanias-Cover-01-600x600.jpg 600w, https:\/\/www.visit-mexico.mx\/wp-content\/uploads\/2020\/12\/Oaxaca-Artesanias-Cover-01-150x150.jpg 150w\" sizes=\"(max-width: 600px) 100vw, 600px\" \/><\/div><\/a>\n\t\t\t\t<div class=\"elementor-post__text\">\n\t\t\t\t<h3 class=\"elementor-post__title\">\n\t\t\t<a href=\"https:\/\/www.visit-mexico.mx\/es\/traditions-in-mexico\/\" >\n\t\t\t\ttradiciones en mexico\t\t\t<\/a>\n\t\t<\/h3>\n\t\t\t\t<div class=\"elementor-post__excerpt\">\n\t\t\t<p>Es pr\u00e1cticamente imposible hacer una selecci\u00f3n meticulosa, y sobre todo, precisa, de los lugares para visitar en M\u00e9xico. Cada rinc\u00f3n de nuestro pa\u00eds es \u00fanico y hermoso a su manera. M\u00e9xico, con sus casi 2 millones de km\u00b2, ofrece una gran cantidad de escenarios, as\u00ed como un sinf\u00edn de actividades. No te pierdas y descubre los lugares que visitar en M\u00e9xico. En M\u00e9xico, adem\u00e1s de las playas y sus famosos sitios arqueol\u00f3gicos, hay muchos otros sitios y actividades realmente interesantes que debes conocer. En los alrededores de las principales ciudades encontrar\u00e1s lugares llenos de cultura y tradici\u00f3n, donde podr\u00e1s disfrutar de unas vacaciones relajantes, interesantes y divertidas. En tu viaje por M\u00e9xico, no puedes dejar de comprar recuerdos; la artesan\u00eda que se elabora aqu\u00ed es de la m\u00e1s alta calidad y reconocida mundialmente. \u00a1No te pierdas una ruta de compras! <a class=\"kt-excerpt-readmore more-link\" href=\"https:\/\/www.visit-mexico.mx\/es\/traditions-in-mexico\/\">Leer m\u00e1s<\/a><\/p>\n\t\t<\/div>\n\t\t\n\t\t<a class=\"elementor-post__read-more\" href=\"https:\/\/www.visit-mexico.mx\/es\/traditions-in-mexico\/\" aria-label=\"M\u00e1s informaci\u00f3n sobre Tradiciones en M\u00e9xico\" tabindex=\"-1\" >\n\t\t\tLeer m\u00e1s &quot;\t\t<\/a>\n\n\t\t\t\t<\/div>\n\t\t\t\t\t<\/div>\n\t\t<\/article>\n\t\t\t\t<\/div>\n\t\t\n\t\t\t\t\t\t<\/div>\n\t\t\t\t<\/div>\n\t\t\t\t<div class=\"elementor-element elementor-element-6cf0af2c elementor-widget elementor-widget-global elementor-global-8322 elementor-widget-html\" data-id=\"6cf0af2c\" data-element_type=\"widget\" data-e-type=\"widget\" data-widget_type=\"html.default\">\n\t\t\t\t<div class=\"elementor-widget-container\">\n\t\t\t\t\t<script async src=\"https:\/\/pagead2.googlesyndication.com\/pagead\/js\/adsbygoogle.js?client=ca-pub-4872862374985876\"\n     crossorigin=\"anonymous\"><\/script>\n<!-- GoogleAd-01 -->\n<ins class=\"adsbygoogle\"\n     style=\"display:block\"\n     data-ad-client=\"ca-pub-4872862374985876\"\n     data-ad-slot=\"9156834948\"\n     data-ad-format=\"auto\"\n     data-full-width-responsive=\"true\"><\/ins>\n<script>\n     (adsbygoogle = window.adsbygoogle || []).push({});\n<\/script>\t\t\t\t<\/div>\n\t\t\t\t<\/div>\n\t\t\t\t<div class=\"elementor-element elementor-element-62a10ead elementor-widget elementor-widget-global elementor-global-25770 elementor-widget-image\" data-id=\"62a10ead\" data-element_type=\"widget\" data-e-type=\"widget\" data-widget_type=\"image.default\">\n\t\t\t\t<div class=\"elementor-widget-container\">\n\t\t\t\t\t\t\t\t\t\t\t\t\t\t\t<img decoding=\"async\" width=\"280\" height=\"3\" src=\"https:\/\/www.visit-mexico.mx\/wp-content\/uploads\/2020\/08\/separator1.png\" class=\"attachment-large size-large wp-image-297\" alt=\"Visit Mexico\" srcset=\"https:\/\/www.visit-mexico.mx\/wp-content\/uploads\/2020\/08\/separator1.png 280w, https:\/\/www.visit-mexico.mx\/wp-content\/uploads\/2020\/08\/separator1-150x3.png 150w\" sizes=\"(max-width: 280px) 100vw, 280px\" \/>\t\t\t\t\t\t\t\t\t\t\t\t\t\t\t<\/div>\n\t\t\t\t<\/div>\n\t\t\t\t<div class=\"elementor-element elementor-element-67dc8c2f elementor-widget elementor-widget-image\" data-id=\"67dc8c2f\" data-element_type=\"widget\" data-e-type=\"widget\" data-widget_type=\"image.default\">\n\t\t\t\t<div class=\"elementor-widget-container\">\n\t\t\t\t\t\t\t\t\t\t\t\t\t\t\t\t<a href=\"https:\/\/www.visit-mexico.mx\/es\/\">\n\t\t\t\t\t\t\t<img loading=\"lazy\" decoding=\"async\" width=\"300\" height=\"282\" src=\"https:\/\/www.visit-mexico.mx\/wp-content\/uploads\/2023\/01\/VISIT-MEXICO-LOGO-PNG-300x282.png\" class=\"attachment-medium size-medium wp-image-20056\" alt=\"VISIT-MEXICO-LOGO\" srcset=\"https:\/\/www.visit-mexico.mx\/wp-content\/uploads\/2023\/01\/VISIT-MEXICO-LOGO-PNG-300x282.png 300w, https:\/\/www.visit-mexico.mx\/wp-content\/uploads\/2023\/01\/VISIT-MEXICO-LOGO-PNG-13x12.png 13w, https:\/\/www.visit-mexico.mx\/wp-content\/uploads\/2023\/01\/VISIT-MEXICO-LOGO-PNG.png 699w\" sizes=\"(max-width: 300px) 100vw, 300px\" \/>\t\t\t\t\t\t\t\t<\/a>\n\t\t\t\t\t\t\t\t\t\t\t\t\t\t\t<\/div>\n\t\t\t\t<\/div>\n\t\t\t\t\t<\/div>\n\t\t<\/div>\n\t\t\t\t\t<\/div>\n\t\t<\/section>\n\t\t\t\t<\/div>","protected":false},"excerpt":{"rendered":"<p>Aguascalientes, estado conocido por su gente c\u00e1lida, se prepara para albergar el Camino de la Asunci\u00f3n, una emocionante caminata de tres d\u00edas que recorre 93 kil\u00f3metros a trav\u00e9s de varios pueblos. El evento busca impulsar el deporte y el turismo en la regi\u00f3n, inspir\u00e1ndose en caminatas similares en otros pa\u00edses y estados de M\u00e9xico, y promete una experiencia inolvidable tanto para amantes de la naturaleza como para deportistas. <a class=\"kt-excerpt-readmore more-link\" href=\"https:\/\/www.visit-mexico.mx\/es\/traditions-in-mexico\/\">Leer m\u00e1s<\/a><\/p>","protected":false},"author":2,"featured_media":7246,"comment_status":"open","ping_status":"open","sticky":false,"template":"","format":"standard","meta":{"footnotes":""},"categories":[414],"tags":[412],"class_list":["post-26600","post","type-post","status-publish","format-standard","has-post-thumbnail","hentry","category-july-2023","tag-aguascalientes"],"yoast_head":"<!-- This site is optimized with the Yoast SEO plugin v27.4 - https:\/\/yoast.com\/product\/yoast-seo-wordpress\/ -->\n<title>Everything ready for the Camino de la Asunci\u00f3n - Tourist Guide | visit-mexico.mx<\/title>\n<meta name=\"description\" content=\"Aguascalientes, a state known for its warm-hearted people, is gearing up to host the Camino de la Asunci\u00f3n, a thrilling three-day hike covering 93 kilometers through various towns. The event aims to boost sports and tourism in the region, drawing inspiration from similar walks in other countries and Mexican states, promising an unforgettable experience for nature enthusiasts and athletes alike.\" \/>\n<meta name=\"robots\" content=\"index, follow, max-snippet:-1, max-image-preview:large, max-video-preview:-1\" \/>\n<link rel=\"canonical\" href=\"https:\/\/www.visit-mexico.mx\/es\/news\/july-2023\/everything-ready-for-the-camino-de-la-asuncion\/\" \/>\n<meta property=\"og:locale\" content=\"es_ES\" \/>\n<meta property=\"og:type\" content=\"article\" \/>\n<meta property=\"og:title\" content=\"Everything ready for the Camino de la Asunci\u00f3n - Tourist Guide | visit-mexico.mx\" \/>\n<meta property=\"og:description\" content=\"Aguascalientes, a state known for its warm-hearted people, is gearing up to host the Camino de la Asunci\u00f3n, a thrilling three-day hike covering 93 kilometers through various towns. The event aims to boost sports and tourism in the region, drawing inspiration from similar walks in other countries and Mexican states, promising an unforgettable experience for nature enthusiasts and athletes alike.\" \/>\n<meta property=\"og:url\" content=\"https:\/\/www.visit-mexico.mx\/es\/news\/july-2023\/everything-ready-for-the-camino-de-la-asuncion\/\" \/>\n<meta property=\"og:site_name\" content=\"visit-mexico.mx\" \/>\n<meta property=\"article:publisher\" content=\"https:\/\/www.facebook.com\/visit-mexicomx-102215558375226\" \/>\n<meta property=\"article:published_time\" content=\"2023-07-29T18:03:09+00:00\" \/>\n<meta property=\"article:modified_time\" content=\"2023-07-29T18:07:33+00:00\" \/>\n<meta property=\"og:image\" content=\"https:\/\/www.visit-mexico.mx\/wp-content\/uploads\/2020\/12\/Aguascalientes-Cover-01.jpg\" \/>\n\t<meta property=\"og:image:width\" content=\"1920\" \/>\n\t<meta property=\"og:image:height\" content=\"1280\" \/>\n\t<meta property=\"og:image:type\" content=\"image\/jpeg\" \/>\n<meta name=\"author\" content=\"visit-mexico.mx\" \/>\n<meta name=\"twitter:card\" content=\"summary_large_image\" \/>\n<meta name=\"twitter:creator\" content=\"@visitmexicomx\" \/>\n<meta name=\"twitter:site\" content=\"@visitmexicomx\" \/>\n<meta name=\"twitter:label1\" content=\"Escrito por\" \/>\n\t<meta name=\"twitter:data1\" content=\"visit-mexico.mx\" \/>\n\t<meta name=\"twitter:label2\" content=\"Tiempo de lectura\" \/>\n\t<meta name=\"twitter:data2\" content=\"18 minutos\" \/>\n<script type=\"application\/ld+json\" class=\"yoast-schema-graph\">{\"@context\":\"https:\\\/\\\/schema.org\",\"@graph\":[{\"@type\":\"Article\",\"@id\":\"https:\\\/\\\/www.visit-mexico.mx\\\/news\\\/july-2023\\\/everything-ready-for-the-camino-de-la-asuncion\\\/#article\",\"isPartOf\":{\"@id\":\"https:\\\/\\\/www.visit-mexico.mx\\\/news\\\/july-2023\\\/everything-ready-for-the-camino-de-la-asuncion\\\/\"},\"author\":{\"name\":\"visit-mexico.mx\",\"@id\":\"https:\\\/\\\/www.visit-mexico.mx\\\/#\\\/schema\\\/person\\\/0686bb0ad518f0ee4bfd6acfc58fa97a\"},\"headline\":\"Everything ready for the Camino de la Asunci\u00f3n\",\"datePublished\":\"2023-07-29T18:03:09+00:00\",\"dateModified\":\"2023-07-29T18:07:33+00:00\",\"mainEntityOfPage\":{\"@id\":\"https:\\\/\\\/www.visit-mexico.mx\\\/news\\\/july-2023\\\/everything-ready-for-the-camino-de-la-asuncion\\\/\"},\"wordCount\":488,\"commentCount\":0,\"publisher\":{\"@id\":\"https:\\\/\\\/www.visit-mexico.mx\\\/#organization\"},\"image\":{\"@id\":\"https:\\\/\\\/www.visit-mexico.mx\\\/news\\\/july-2023\\\/everything-ready-for-the-camino-de-la-asuncion\\\/#primaryimage\"},\"thumbnailUrl\":\"https:\\\/\\\/www.visit-mexico.mx\\\/wp-content\\\/uploads\\\/2020\\\/12\\\/Aguascalientes-Cover-01.jpg\",\"keywords\":[\"Aguascalientes\"],\"articleSection\":[\"July-2023\"],\"inLanguage\":\"es\",\"potentialAction\":[{\"@type\":\"CommentAction\",\"name\":\"Comment\",\"target\":[\"https:\\\/\\\/www.visit-mexico.mx\\\/news\\\/july-2023\\\/everything-ready-for-the-camino-de-la-asuncion\\\/#respond\"]}]},{\"@type\":\"WebPage\",\"@id\":\"https:\\\/\\\/www.visit-mexico.mx\\\/news\\\/july-2023\\\/everything-ready-for-the-camino-de-la-asuncion\\\/\",\"url\":\"https:\\\/\\\/www.visit-mexico.mx\\\/news\\\/july-2023\\\/everything-ready-for-the-camino-de-la-asuncion\\\/\",\"name\":\"Everything ready for the Camino de la Asunci\u00f3n - Tourist Guide | visit-mexico.mx\",\"isPartOf\":{\"@id\":\"https:\\\/\\\/www.visit-mexico.mx\\\/#website\"},\"primaryImageOfPage\":{\"@id\":\"https:\\\/\\\/www.visit-mexico.mx\\\/news\\\/july-2023\\\/everything-ready-for-the-camino-de-la-asuncion\\\/#primaryimage\"},\"image\":{\"@id\":\"https:\\\/\\\/www.visit-mexico.mx\\\/news\\\/july-2023\\\/everything-ready-for-the-camino-de-la-asuncion\\\/#primaryimage\"},\"thumbnailUrl\":\"https:\\\/\\\/www.visit-mexico.mx\\\/wp-content\\\/uploads\\\/2020\\\/12\\\/Aguascalientes-Cover-01.jpg\",\"datePublished\":\"2023-07-29T18:03:09+00:00\",\"dateModified\":\"2023-07-29T18:07:33+00:00\",\"description\":\"Aguascalientes, a state known for its warm-hearted people, is gearing up to host the Camino de la Asunci\u00f3n, a thrilling three-day hike covering 93 kilometers through various towns. The event aims to boost sports and tourism in the region, drawing inspiration from similar walks in other countries and Mexican states, promising an unforgettable experience for nature enthusiasts and athletes alike.\",\"breadcrumb\":{\"@id\":\"https:\\\/\\\/www.visit-mexico.mx\\\/news\\\/july-2023\\\/everything-ready-for-the-camino-de-la-asuncion\\\/#breadcrumb\"},\"inLanguage\":\"es\",\"potentialAction\":[{\"@type\":\"ReadAction\",\"target\":[\"https:\\\/\\\/www.visit-mexico.mx\\\/news\\\/july-2023\\\/everything-ready-for-the-camino-de-la-asuncion\\\/\"]}]},{\"@type\":\"ImageObject\",\"inLanguage\":\"es\",\"@id\":\"https:\\\/\\\/www.visit-mexico.mx\\\/news\\\/july-2023\\\/everything-ready-for-the-camino-de-la-asuncion\\\/#primaryimage\",\"url\":\"https:\\\/\\\/www.visit-mexico.mx\\\/wp-content\\\/uploads\\\/2020\\\/12\\\/Aguascalientes-Cover-01.jpg\",\"contentUrl\":\"https:\\\/\\\/www.visit-mexico.mx\\\/wp-content\\\/uploads\\\/2020\\\/12\\\/Aguascalientes-Cover-01.jpg\",\"width\":1920,\"height\":1280,\"caption\":\"Aguascalientes\"},{\"@type\":\"BreadcrumbList\",\"@id\":\"https:\\\/\\\/www.visit-mexico.mx\\\/news\\\/july-2023\\\/everything-ready-for-the-camino-de-la-asuncion\\\/#breadcrumb\",\"itemListElement\":[{\"@type\":\"ListItem\",\"position\":1,\"name\":\"M\u00c9XICO\",\"item\":\"https:\\\/\\\/www.visit-mexico.mx\\\/\"},{\"@type\":\"ListItem\",\"position\":2,\"name\":\"News\",\"item\":\"https:\\\/\\\/www.visit-mexico.mx\\\/category\\\/news\\\/\"},{\"@type\":\"ListItem\",\"position\":3,\"name\":\"July-2023\",\"item\":\"https:\\\/\\\/www.visit-mexico.mx\\\/category\\\/news\\\/july-2023\\\/\"},{\"@type\":\"ListItem\",\"position\":4,\"name\":\"Everything ready for the Camino de la Asunci\u00f3n\"}]},{\"@type\":\"WebSite\",\"@id\":\"https:\\\/\\\/www.visit-mexico.mx\\\/#website\",\"url\":\"https:\\\/\\\/www.visit-mexico.mx\\\/\",\"name\":\"visit-mexico.mx\",\"description\":\"Mexico Tourist Guide\",\"publisher\":{\"@id\":\"https:\\\/\\\/www.visit-mexico.mx\\\/#organization\"},\"alternateName\":\"visit-mexico.mx\",\"potentialAction\":[{\"@type\":\"SearchAction\",\"target\":{\"@type\":\"EntryPoint\",\"urlTemplate\":\"https:\\\/\\\/www.visit-mexico.mx\\\/?s={search_term_string}\"},\"query-input\":{\"@type\":\"PropertyValueSpecification\",\"valueRequired\":true,\"valueName\":\"search_term_string\"}}],\"inLanguage\":\"es\"},{\"@type\":\"Organization\",\"@id\":\"https:\\\/\\\/www.visit-mexico.mx\\\/#organization\",\"name\":\"Visit-Mexico.mx\",\"alternateName\":\"visit-mexico.mx\",\"url\":\"https:\\\/\\\/www.visit-mexico.mx\\\/\",\"logo\":{\"@type\":\"ImageObject\",\"inLanguage\":\"es\",\"@id\":\"https:\\\/\\\/www.visit-mexico.mx\\\/#\\\/schema\\\/logo\\\/image\\\/\",\"url\":\"https:\\\/\\\/www.visit-mexico.mx\\\/wp-content\\\/uploads\\\/2020\\\/11\\\/VISIT-MEXICO-LOGO-MX.png\",\"contentUrl\":\"https:\\\/\\\/www.visit-mexico.mx\\\/wp-content\\\/uploads\\\/2020\\\/11\\\/VISIT-MEXICO-LOGO-MX.png\",\"width\":512,\"height\":512,\"caption\":\"Visit-Mexico.mx\"},\"image\":{\"@id\":\"https:\\\/\\\/www.visit-mexico.mx\\\/#\\\/schema\\\/logo\\\/image\\\/\"},\"sameAs\":[\"https:\\\/\\\/www.facebook.com\\\/visit-mexicomx-102215558375226\",\"https:\\\/\\\/x.com\\\/visitmexicomx\",\"https:\\\/\\\/www.instagram.com\\\/visit_mexico.mx\\\/\"]},{\"@type\":\"Person\",\"@id\":\"https:\\\/\\\/www.visit-mexico.mx\\\/#\\\/schema\\\/person\\\/0686bb0ad518f0ee4bfd6acfc58fa97a\",\"name\":\"visit-mexico.mx\",\"image\":{\"@type\":\"ImageObject\",\"inLanguage\":\"es\",\"@id\":\"https:\\\/\\\/secure.gravatar.com\\\/avatar\\\/11ac51e70157511a2fc088d892be6b3e566e373fc010b7f1f6e4d0fd75152082?s=96&d=mm&r=g\",\"url\":\"https:\\\/\\\/secure.gravatar.com\\\/avatar\\\/11ac51e70157511a2fc088d892be6b3e566e373fc010b7f1f6e4d0fd75152082?s=96&d=mm&r=g\",\"contentUrl\":\"https:\\\/\\\/secure.gravatar.com\\\/avatar\\\/11ac51e70157511a2fc088d892be6b3e566e373fc010b7f1f6e4d0fd75152082?s=96&d=mm&r=g\",\"caption\":\"visit-mexico.mx\"},\"sameAs\":[\"http:\\\/\\\/www.visit-mexico.mx\"]}]}<\/script>\n<!-- \/ Yoast SEO plugin. -->","yoast_head_json":{"title":"Todo listo para el Camino de la Asunci\u00f3n - Gu\u00eda Tur\u00edstica | visita-mexico.mx","description":"Aguascalientes, estado conocido por su gente c\u00e1lida, se prepara para albergar el Camino de la Asunci\u00f3n, una emocionante caminata de tres d\u00edas que recorre 93 kil\u00f3metros a trav\u00e9s de varios pueblos. El evento busca impulsar el deporte y el turismo en la regi\u00f3n, inspir\u00e1ndose en caminatas similares en otros pa\u00edses y estados de M\u00e9xico, y promete una experiencia inolvidable tanto para amantes de la naturaleza como para deportistas.","robots":{"index":"index","follow":"follow","max-snippet":"max-snippet:-1","max-image-preview":"max-image-preview:large","max-video-preview":"max-video-preview:-1"},"canonical":"https:\/\/www.visit-mexico.mx\/es\/news\/july-2023\/everything-ready-for-the-camino-de-la-asuncion\/","og_locale":"es_ES","og_type":"article","og_title":"Everything ready for the Camino de la Asunci\u00f3n - Tourist Guide | visit-mexico.mx","og_description":"Aguascalientes, a state known for its warm-hearted people, is gearing up to host the Camino de la Asunci\u00f3n, a thrilling three-day hike covering 93 kilometers through various towns. The event aims to boost sports and tourism in the region, drawing inspiration from similar walks in other countries and Mexican states, promising an unforgettable experience for nature enthusiasts and athletes alike.","og_url":"https:\/\/www.visit-mexico.mx\/es\/news\/july-2023\/everything-ready-for-the-camino-de-la-asuncion\/","og_site_name":"visit-mexico.mx","article_publisher":"https:\/\/www.facebook.com\/visit-mexicomx-102215558375226","article_published_time":"2023-07-29T18:03:09+00:00","article_modified_time":"2023-07-29T18:07:33+00:00","og_image":[{"width":1920,"height":1280,"url":"https:\/\/www.visit-mexico.mx\/wp-content\/uploads\/2020\/12\/Aguascalientes-Cover-01.jpg","type":"image\/jpeg"}],"author":"visit-mexico.mx","twitter_card":"summary_large_image","twitter_creator":"@visitmexicomx","twitter_site":"@visitmexicomx","twitter_misc":{"Escrito por":"visit-mexico.mx","Tiempo de lectura":"18 minutos"},"schema":{"@context":"https:\/\/schema.org","@graph":[{"@type":"Article","@id":"https:\/\/www.visit-mexico.mx\/news\/july-2023\/everything-ready-for-the-camino-de-la-asuncion\/#article","isPartOf":{"@id":"https:\/\/www.visit-mexico.mx\/news\/july-2023\/everything-ready-for-the-camino-de-la-asuncion\/"},"author":{"name":"visit-mexico.mx","@id":"https:\/\/www.visit-mexico.mx\/#\/schema\/person\/0686bb0ad518f0ee4bfd6acfc58fa97a"},"headline":"Everything ready for the Camino de la Asunci\u00f3n","datePublished":"2023-07-29T18:03:09+00:00","dateModified":"2023-07-29T18:07:33+00:00","mainEntityOfPage":{"@id":"https:\/\/www.visit-mexico.mx\/news\/july-2023\/everything-ready-for-the-camino-de-la-asuncion\/"},"wordCount":488,"commentCount":0,"publisher":{"@id":"https:\/\/www.visit-mexico.mx\/#organization"},"image":{"@id":"https:\/\/www.visit-mexico.mx\/news\/july-2023\/everything-ready-for-the-camino-de-la-asuncion\/#primaryimage"},"thumbnailUrl":"https:\/\/www.visit-mexico.mx\/wp-content\/uploads\/2020\/12\/Aguascalientes-Cover-01.jpg","keywords":["Aguascalientes"],"articleSection":["July-2023"],"inLanguage":"es","potentialAction":[{"@type":"CommentAction","name":"Comment","target":["https:\/\/www.visit-mexico.mx\/news\/july-2023\/everything-ready-for-the-camino-de-la-asuncion\/#respond"]}]},{"@type":"WebPage","@id":"https:\/\/www.visit-mexico.mx\/news\/july-2023\/everything-ready-for-the-camino-de-la-asuncion\/","url":"https:\/\/www.visit-mexico.mx\/news\/july-2023\/everything-ready-for-the-camino-de-la-asuncion\/","name":"Todo listo para el Camino de la Asunci\u00f3n - Gu\u00eda Tur\u00edstica | visita-mexico.mx","isPartOf":{"@id":"https:\/\/www.visit-mexico.mx\/#website"},"primaryImageOfPage":{"@id":"https:\/\/www.visit-mexico.mx\/news\/july-2023\/everything-ready-for-the-camino-de-la-asuncion\/#primaryimage"},"image":{"@id":"https:\/\/www.visit-mexico.mx\/news\/july-2023\/everything-ready-for-the-camino-de-la-asuncion\/#primaryimage"},"thumbnailUrl":"https:\/\/www.visit-mexico.mx\/wp-content\/uploads\/2020\/12\/Aguascalientes-Cover-01.jpg","datePublished":"2023-07-29T18:03:09+00:00","dateModified":"2023-07-29T18:07:33+00:00","description":"Aguascalientes, estado conocido por su gente c\u00e1lida, se prepara para albergar el Camino de la Asunci\u00f3n, una emocionante caminata de tres d\u00edas que recorre 93 kil\u00f3metros a trav\u00e9s de varios pueblos. El evento busca impulsar el deporte y el turismo en la regi\u00f3n, inspir\u00e1ndose en caminatas similares en otros pa\u00edses y estados de M\u00e9xico, y promete una experiencia inolvidable tanto para amantes de la naturaleza como para deportistas.","breadcrumb":{"@id":"https:\/\/www.visit-mexico.mx\/news\/july-2023\/everything-ready-for-the-camino-de-la-asuncion\/#breadcrumb"},"inLanguage":"es","potentialAction":[{"@type":"ReadAction","target":["https:\/\/www.visit-mexico.mx\/news\/july-2023\/everything-ready-for-the-camino-de-la-asuncion\/"]}]},{"@type":"ImageObject","inLanguage":"es","@id":"https:\/\/www.visit-mexico.mx\/news\/july-2023\/everything-ready-for-the-camino-de-la-asuncion\/#primaryimage","url":"https:\/\/www.visit-mexico.mx\/wp-content\/uploads\/2020\/12\/Aguascalientes-Cover-01.jpg","contentUrl":"https:\/\/www.visit-mexico.mx\/wp-content\/uploads\/2020\/12\/Aguascalientes-Cover-01.jpg","width":1920,"height":1280,"caption":"Aguascalientes"},{"@type":"BreadcrumbList","@id":"https:\/\/www.visit-mexico.mx\/news\/july-2023\/everything-ready-for-the-camino-de-la-asuncion\/#breadcrumb","itemListElement":[{"@type":"ListItem","position":1,"name":"M\u00c9XICO","item":"https:\/\/www.visit-mexico.mx\/"},{"@type":"ListItem","position":2,"name":"News","item":"https:\/\/www.visit-mexico.mx\/category\/news\/"},{"@type":"ListItem","position":3,"name":"July-2023","item":"https:\/\/www.visit-mexico.mx\/category\/news\/july-2023\/"},{"@type":"ListItem","position":4,"name":"Everything ready for the Camino de la Asunci\u00f3n"}]},{"@type":"WebSite","@id":"https:\/\/www.visit-mexico.mx\/#website","url":"https:\/\/www.visit-mexico.mx\/","name":"visit-mexico.mx","description":"Gu\u00eda tur\u00edstica de M\u00e9xico","publisher":{"@id":"https:\/\/www.visit-mexico.mx\/#organization"},"alternateName":"visit-mexico.mx","potentialAction":[{"@type":"SearchAction","target":{"@type":"EntryPoint","urlTemplate":"https:\/\/www.visit-mexico.mx\/?s={search_term_string}"},"query-input":{"@type":"PropertyValueSpecification","valueRequired":true,"valueName":"search_term_string"}}],"inLanguage":"es"},{"@type":"Organization","@id":"https:\/\/www.visit-mexico.mx\/#organization","name":"Visita-M\u00e9xico.mx","alternateName":"visit-mexico.mx","url":"https:\/\/www.visit-mexico.mx\/","logo":{"@type":"ImageObject","inLanguage":"es","@id":"https:\/\/www.visit-mexico.mx\/#\/schema\/logo\/image\/","url":"https:\/\/www.visit-mexico.mx\/wp-content\/uploads\/2020\/11\/VISIT-MEXICO-LOGO-MX.png","contentUrl":"https:\/\/www.visit-mexico.mx\/wp-content\/uploads\/2020\/11\/VISIT-MEXICO-LOGO-MX.png","width":512,"height":512,"caption":"Visit-Mexico.mx"},"image":{"@id":"https:\/\/www.visit-mexico.mx\/#\/schema\/logo\/image\/"},"sameAs":["https:\/\/www.facebook.com\/visit-mexicomx-102215558375226","https:\/\/x.com\/visitmexicomx","https:\/\/www.instagram.com\/visit_mexico.mx\/"]},{"@type":"Person","@id":"https:\/\/www.visit-mexico.mx\/#\/schema\/person\/0686bb0ad518f0ee4bfd6acfc58fa97a","name":"visit-mexico.mx","image":{"@type":"ImageObject","inLanguage":"es","@id":"https:\/\/secure.gravatar.com\/avatar\/11ac51e70157511a2fc088d892be6b3e566e373fc010b7f1f6e4d0fd75152082?s=96&d=mm&r=g","url":"https:\/\/secure.gravatar.com\/avatar\/11ac51e70157511a2fc088d892be6b3e566e373fc010b7f1f6e4d0fd75152082?s=96&d=mm&r=g","contentUrl":"https:\/\/secure.gravatar.com\/avatar\/11ac51e70157511a2fc088d892be6b3e566e373fc010b7f1f6e4d0fd75152082?s=96&d=mm&r=g","caption":"visit-mexico.mx"},"sameAs":["http:\/\/www.visit-mexico.mx"]}]}},"_links":{"self":[{"href":"https:\/\/www.visit-mexico.mx\/es\/wp-json\/wp\/v2\/posts\/26600","targetHints":{"allow":["GET"]}}],"collection":[{"href":"https:\/\/www.visit-mexico.mx\/es\/wp-json\/wp\/v2\/posts"}],"about":[{"href":"https:\/\/www.visit-mexico.mx\/es\/wp-json\/wp\/v2\/types\/post"}],"author":[{"embeddable":true,"href":"https:\/\/www.visit-mexico.mx\/es\/wp-json\/wp\/v2\/users\/2"}],"replies":[{"embeddable":true,"href":"https:\/\/www.visit-mexico.mx\/es\/wp-json\/wp\/v2\/comments?post=26600"}],"version-history":[{"count":7,"href":"https:\/\/www.visit-mexico.mx\/es\/wp-json\/wp\/v2\/posts\/26600\/revisions"}],"predecessor-version":[{"id":26608,"href":"https:\/\/www.visit-mexico.mx\/es\/wp-json\/wp\/v2\/posts\/26600\/revisions\/26608"}],"wp:featuredmedia":[{"embeddable":true,"href":"https:\/\/www.visit-mexico.mx\/es\/wp-json\/wp\/v2\/media\/7246"}],"wp:attachment":[{"href":"https:\/\/www.visit-mexico.mx\/es\/wp-json\/wp\/v2\/media?parent=26600"}],"wp:term":[{"taxonomy":"category","embeddable":true,"href":"https:\/\/www.visit-mexico.mx\/es\/wp-json\/wp\/v2\/categories?post=26600"},{"taxonomy":"post_tag","embeddable":true,"href":"https:\/\/www.visit-mexico.mx\/es\/wp-json\/wp\/v2\/tags?post=26600"}],"curies":[{"name":"gracias","href":"https:\/\/api.w.org\/{rel}","templated":true}]}}